{"id":405,"date":"2012-04-09T14:57:44","date_gmt":"2012-04-09T12:57:44","guid":{"rendered":"http:\/\/blogg.improveme.se\/joannasundstrom\/?p=405"},"modified":"2012-04-09T14:57:44","modified_gmt":"2012-04-09T12:57:44","slug":"packar-upp","status":"publish","type":"post","link":"https:\/\/blogg.improveme.se\/joannasundstrom\/2012\/04\/09\/packar-upp\/","title":{"rendered":"Packar upp"},"content":{"rendered":"<p><em>Goddag!<\/em><\/p>\n<p><em>Det har varit glest med inl\u00e4gg de senaste dagarna, vilket har berott p\u00e5 att jag tsm med min familj varit hos min gammelfarmor i Vasa d\u00e4r det inte finns n\u00e5got internet. Nu \u00e4r jag dock hemma p\u00e5 min k\u00e4ra holme igen. H\u00e4rligt!<\/em><\/p>\n<p><em>Det \u00e4r r\u00e4tt mycket att packa upp, eftersom \u00a0jag tagit hem allt jag haft i Finland de senaste 3 \u00e5ren haha, s\u00e5\u00e5 forts\u00e4tter nu med min uppackning som jag h\u00e5llit p\u00e5 med ett par timmar.\u00a0<\/em><\/p>\n<p><em>Kram<\/em><\/p>\n<p><a href=\"http:\/\/blogg.improveme.se\/joannasundstrom\/files\/2012\/04\/kii.jpg\"><img loading=\"lazy\" decoding=\"async\" class=\"alignnone size-full wp-image-406\" src=\"http:\/\/blogg.improveme.se\/joannasundstrom\/files\/2012\/04\/kii.jpg\" alt=\"\" width=\"640\" height=\"480\" srcset=\"https:\/\/blogg.improveme.se\/joannasundstrom\/files\/2012\/04\/kii.jpg 640w, https:\/\/blogg.improveme.se\/joannasundstrom\/files\/2012\/04\/kii-300x225.jpg 300w\" sizes=\"auto, (max-width: 640px) 100vw, 640px\" \/><\/a><\/p>\n<p><em>\u00c5terf\u00f6renades med min lilla h\u00e5rboll som jag saknat s\u00e5 mkt. Och jag lovar hon har saknat mig lika mkt, \u00e4ven fast det inte ser ut s\u00e5 p\u00e5 bilen haha<\/em><\/p>\n<p>&nbsp;<\/p>\n","protected":false},"excerpt":{"rendered":"<p>Goddag! Det har varit glest med inl\u00e4gg de senaste dagarna, vilket har berott p\u00e5 att jag tsm med min familj varit hos min gammelfarmor i Vasa d\u00e4r det inte finns n\u00e5got internet. Nu \u00e4r jag dock hemma p\u00e5 min k\u00e4ra holme igen. H\u00e4rligt! Det \u00e4r r\u00e4tt mycket att packa upp, eftersom \u00a0jag tagit hem allt &#8230; <a title=\"Packar upp\" class=\"read-more\" href=\"https:\/\/blogg.improveme.se\/joannasundstrom\/2012\/04\/09\/packar-upp\/\" aria-label=\"L\u00e4s mer om Packar upp\">L\u00e4s mer<\/a><\/p>\n","protected":false},"author":82,"featured_media":0,"comment_status":"open","ping_status":"open","sticky":false,"template":"","format":"standard","meta":{"footnotes":""},"categories":[6],"tags":[],"class_list":["post-405","post","type-post","status-publish","format-standard","hentry","category-allmant"],"_links":{"self":[{"href":"https:\/\/blogg.improveme.se\/joannasundstrom\/wp-json\/wp\/v2\/posts\/405","targetHints":{"allow":["GET"]}}],"collection":[{"href":"https:\/\/blogg.improveme.se\/joannasundstrom\/wp-json\/wp\/v2\/posts"}],"about":[{"href":"https:\/\/blogg.improveme.se\/joannasundstrom\/wp-json\/wp\/v2\/types\/post"}],"author":[{"embeddable":true,"href":"https:\/\/blogg.improveme.se\/joannasundstrom\/wp-json\/wp\/v2\/users\/82"}],"replies":[{"embeddable":true,"href":"https:\/\/blogg.improveme.se\/joannasundstrom\/wp-json\/wp\/v2\/comments?post=405"}],"version-history":[{"count":0,"href":"https:\/\/blogg.improveme.se\/joannasundstrom\/wp-json\/wp\/v2\/posts\/405\/revisions"}],"wp:attachment":[{"href":"https:\/\/blogg.improveme.se\/joannasundstrom\/wp-json\/wp\/v2\/media?parent=405"}],"wp:term":[{"taxonomy":"category","embeddable":true,"href":"https:\/\/blogg.improveme.se\/joannasundstrom\/wp-json\/wp\/v2\/categories?post=405"},{"taxonomy":"post_tag","embeddable":true,"href":"https:\/\/blogg.improveme.se\/joannasundstrom\/wp-json\/wp\/v2\/tags?post=405"}],"curies":[{"name":"wp","href":"https:\/\/api.w.org\/{rel}","templated":true}]}}