{"id":423,"date":"2012-04-12T16:00:15","date_gmt":"2012-04-12T14:00:15","guid":{"rendered":"http:\/\/blogg.improveme.se\/joannasundstrom\/?p=423"},"modified":"2012-04-12T16:00:15","modified_gmt":"2012-04-12T14:00:15","slug":"apricot","status":"publish","type":"post","link":"https:\/\/blogg.improveme.se\/joannasundstrom\/2012\/04\/12\/apricot\/","title":{"rendered":"Apricot"},"content":{"rendered":"<p><a href=\"http:\/\/blogg.improveme.se\/joannasundstrom\/files\/2012\/04\/DSCF0321.jpg\"><img loading=\"lazy\" decoding=\"async\" class=\"alignnone size-large wp-image-424\" src=\"http:\/\/blogg.improveme.se\/joannasundstrom\/files\/2012\/04\/DSCF0321-1024x768.jpg\" alt=\"\" width=\"700\" height=\"525\" srcset=\"https:\/\/blogg.improveme.se\/joannasundstrom\/files\/2012\/04\/DSCF0321-1024x768.jpg 1024w, https:\/\/blogg.improveme.se\/joannasundstrom\/files\/2012\/04\/DSCF0321-300x225.jpg 300w\" sizes=\"auto, (max-width: 700px) 100vw, 700px\" \/><\/a><\/p>\n<p><a href=\"http:\/\/blogg.improveme.se\/joannasundstrom\/files\/2012\/04\/DSCF0318.jpg\"><img loading=\"lazy\" decoding=\"async\" class=\"alignnone size-large wp-image-425\" src=\"http:\/\/blogg.improveme.se\/joannasundstrom\/files\/2012\/04\/DSCF0318-1024x768.jpg\" alt=\"\" width=\"700\" height=\"525\" srcset=\"https:\/\/blogg.improveme.se\/joannasundstrom\/files\/2012\/04\/DSCF0318-1024x768.jpg 1024w, https:\/\/blogg.improveme.se\/joannasundstrom\/files\/2012\/04\/DSCF0318-300x225.jpg 300w\" sizes=\"auto, (max-width: 700px) 100vw, 700px\" \/><\/a><\/p>\n<p><em>Jag har s\u00e4\u00e4kert visat detta lack f\u00f6rut. Men jag tycker det passar utm\u00e4rkt nu till v\u00e5ren, och extra bra kommer det passa n\u00e4r man blivit lite brun i sommar \ud83d\ude42 Lacket kommer som ni ser fr\u00e5n Depend nr 248.<\/em><\/p>\n","protected":false},"excerpt":{"rendered":"<p>Jag har s\u00e4\u00e4kert visat detta lack f\u00f6rut. Men jag tycker det passar utm\u00e4rkt nu till v\u00e5ren, och extra bra kommer det passa n\u00e4r man blivit lite brun i sommar \ud83d\ude42 Lacket kommer som ni ser fr\u00e5n Depend nr 248.<\/p>\n","protected":false},"author":82,"featured_media":0,"comment_status":"open","ping_status":"open","sticky":false,"template":"","format":"standard","meta":{"footnotes":""},"categories":[3],"tags":[],"class_list":["post-423","post","type-post","status-publish","format-standard","hentry","category-har-smink"],"_links":{"self":[{"href":"https:\/\/blogg.improveme.se\/joannasundstrom\/wp-json\/wp\/v2\/posts\/423","targetHints":{"allow":["GET"]}}],"collection":[{"href":"https:\/\/blogg.improveme.se\/joannasundstrom\/wp-json\/wp\/v2\/posts"}],"about":[{"href":"https:\/\/blogg.improveme.se\/joannasundstrom\/wp-json\/wp\/v2\/types\/post"}],"author":[{"embeddable":true,"href":"https:\/\/blogg.improveme.se\/joannasundstrom\/wp-json\/wp\/v2\/users\/82"}],"replies":[{"embeddable":true,"href":"https:\/\/blogg.improveme.se\/joannasundstrom\/wp-json\/wp\/v2\/comments?post=423"}],"version-history":[{"count":0,"href":"https:\/\/blogg.improveme.se\/joannasundstrom\/wp-json\/wp\/v2\/posts\/423\/revisions"}],"wp:attachment":[{"href":"https:\/\/blogg.improveme.se\/joannasundstrom\/wp-json\/wp\/v2\/media?parent=423"}],"wp:term":[{"taxonomy":"category","embeddable":true,"href":"https:\/\/blogg.improveme.se\/joannasundstrom\/wp-json\/wp\/v2\/categories?post=423"},{"taxonomy":"post_tag","embeddable":true,"href":"https:\/\/blogg.improveme.se\/joannasundstrom\/wp-json\/wp\/v2\/tags?post=423"}],"curies":[{"name":"wp","href":"https:\/\/api.w.org\/{rel}","templated":true}]}}