{"id":454,"date":"2012-04-16T13:53:19","date_gmt":"2012-04-16T11:53:19","guid":{"rendered":"http:\/\/blogg.improveme.se\/joannasundstrom\/?p=454"},"modified":"2012-04-16T14:23:30","modified_gmt":"2012-04-16T12:23:30","slug":"4d","status":"publish","type":"post","link":"https:\/\/blogg.improveme.se\/joannasundstrom\/2012\/04\/16\/4d\/","title":{"rendered":"4D"},"content":{"rendered":"<p><a href=\"http:\/\/blogg.improveme.se\/joannasundstrom\/files\/2012\/04\/DSCF0517.jpg\"><img loading=\"lazy\" decoding=\"async\" class=\"alignnone size-large wp-image-455\" src=\"http:\/\/blogg.improveme.se\/joannasundstrom\/files\/2012\/04\/DSCF0517-1024x768.jpg\" alt=\"\" width=\"700\" height=\"525\" srcset=\"https:\/\/blogg.improveme.se\/joannasundstrom\/files\/2012\/04\/DSCF0517-1024x768.jpg 1024w, https:\/\/blogg.improveme.se\/joannasundstrom\/files\/2012\/04\/DSCF0517-300x225.jpg 300w\" sizes=\"auto, (max-width: 700px) 100vw, 700px\" \/><\/a><\/p>\n<p><a href=\"http:\/\/blogg.improveme.se\/joannasundstrom\/files\/2012\/04\/IMG_21421.jpg\"><img loading=\"lazy\" decoding=\"async\" class=\"alignnone size-large wp-image-459\" src=\"http:\/\/blogg.improveme.se\/joannasundstrom\/files\/2012\/04\/IMG_21421-1024x768.jpg\" alt=\"\" width=\"700\" height=\"525\" srcset=\"https:\/\/blogg.improveme.se\/joannasundstrom\/files\/2012\/04\/IMG_21421-1024x768.jpg 1024w, https:\/\/blogg.improveme.se\/joannasundstrom\/files\/2012\/04\/IMG_21421-300x225.jpg 300w\" sizes=\"auto, (max-width: 700px) 100vw, 700px\" \/><\/a><\/p>\n<p><em>Jag k\u00f6pte en ny mascara h\u00e4r om dagen, d\u00e5 min f\u00f6rra Define-a-lash fr\u00e5n Maybelline b\u00f6rjat torka. Har k\u00f6rt p\u00e5 Maybellines r\u00e4tt m\u00e5nga g\u00e5nger nu s\u00e5 t\u00e4nkte testa en helt ny. Denna \u00e4r fr\u00e5n Loreal och skall ge l\u00e5nga separerade fransar ( som de flesta haha ) men jag \u00e4r riktigt n\u00f6jd med denna som vardagsmascara \ud83d\ude42 Till fest anv\u00e4nder jag ju oftast Doll eye fr\u00e5n Nyx, som ger mer fylliga och t\u00e4ta fransar \ud83d\ude42\u00a0<\/em><\/p>\n<p><em><br \/>\n<\/em><\/p>\n","protected":false},"excerpt":{"rendered":"<p>Jag k\u00f6pte en ny mascara h\u00e4r om dagen, d\u00e5 min f\u00f6rra Define-a-lash fr\u00e5n Maybelline b\u00f6rjat torka. Har k\u00f6rt p\u00e5 Maybellines r\u00e4tt m\u00e5nga g\u00e5nger nu s\u00e5 t\u00e4nkte testa en helt ny. Denna \u00e4r fr\u00e5n Loreal och skall ge l\u00e5nga separerade fransar ( som de flesta haha ) men jag \u00e4r riktigt n\u00f6jd med denna som vardagsmascara &#8230; <a title=\"4D\" class=\"read-more\" href=\"https:\/\/blogg.improveme.se\/joannasundstrom\/2012\/04\/16\/4d\/\" aria-label=\"L\u00e4s mer om 4D\">L\u00e4s mer<\/a><\/p>\n","protected":false},"author":82,"featured_media":0,"comment_status":"open","ping_status":"open","sticky":false,"template":"","format":"standard","meta":{"footnotes":""},"categories":[9,3],"tags":[],"class_list":["post-454","post","type-post","status-publish","format-standard","hentry","category-make-up","category-har-smink"],"_links":{"self":[{"href":"https:\/\/blogg.improveme.se\/joannasundstrom\/wp-json\/wp\/v2\/posts\/454","targetHints":{"allow":["GET"]}}],"collection":[{"href":"https:\/\/blogg.improveme.se\/joannasundstrom\/wp-json\/wp\/v2\/posts"}],"about":[{"href":"https:\/\/blogg.improveme.se\/joannasundstrom\/wp-json\/wp\/v2\/types\/post"}],"author":[{"embeddable":true,"href":"https:\/\/blogg.improveme.se\/joannasundstrom\/wp-json\/wp\/v2\/users\/82"}],"replies":[{"embeddable":true,"href":"https:\/\/blogg.improveme.se\/joannasundstrom\/wp-json\/wp\/v2\/comments?post=454"}],"version-history":[{"count":0,"href":"https:\/\/blogg.improveme.se\/joannasundstrom\/wp-json\/wp\/v2\/posts\/454\/revisions"}],"wp:attachment":[{"href":"https:\/\/blogg.improveme.se\/joannasundstrom\/wp-json\/wp\/v2\/media?parent=454"}],"wp:term":[{"taxonomy":"category","embeddable":true,"href":"https:\/\/blogg.improveme.se\/joannasundstrom\/wp-json\/wp\/v2\/categories?post=454"},{"taxonomy":"post_tag","embeddable":true,"href":"https:\/\/blogg.improveme.se\/joannasundstrom\/wp-json\/wp\/v2\/tags?post=454"}],"curies":[{"name":"wp","href":"https:\/\/api.w.org\/{rel}","templated":true}]}}