{"id":495,"date":"2012-04-20T23:12:54","date_gmt":"2012-04-20T21:12:54","guid":{"rendered":"http:\/\/blogg.improveme.se\/joannasundstrom\/?p=495"},"modified":"2012-04-20T23:12:54","modified_gmt":"2012-04-20T21:12:54","slug":"avlider","status":"publish","type":"post","link":"https:\/\/blogg.improveme.se\/joannasundstrom\/2012\/04\/20\/avlider\/","title":{"rendered":"Avlider"},"content":{"rendered":"<p><em>\u00c4ntligen hemma efter en l\u00e5ng dag i Huvudstaden. Skulle bara ha n\u00e5gra f\u00e5 grejer men d\u00e5 tidiga bussen g\u00e5r redan\u00a02 timmar senare hann jag inte med den, och fick ist\u00e4llet v\u00e4nta till kl 18, usch och jag som var klar kl 14 typ haha. \u00c5t heller n\u00e4stan\u00a0inget p\u00e5 hela dagen s\u00e5 en finfin migr\u00e4n b\u00f6rjade tr\u00e4nga sig p\u00e5 under bussresan hem, men nu har just sl\u00e4ngt i mig stora m\u00e4ngder mat och ligger i min sk\u00f6na s\u00e4ng och avlider sakta men s\u00e4kert. Huvudv\u00e4rken ska bort innan morgonen, d\u00e5 en hel jobbdag v\u00e4ntar.<\/em><\/p>\n<p><em>Jag fick iaf med mig hem det som var planerat, hade dock velat ha en suupersnygg kl\u00e4nning fr\u00e5n Weekday men min pl\u00e5nbok hatar mig efter all smikshopping s\u00e5 skippade den och hoppas den finns kvar en annan g\u00e5ng.<\/em><\/p>\n<p><a href=\"http:\/\/blogg.improveme.se\/joannasundstrom\/files\/2012\/04\/gdf-001.jpg\"><img loading=\"lazy\" decoding=\"async\" class=\"alignnone size-full wp-image-496\" src=\"http:\/\/blogg.improveme.se\/joannasundstrom\/files\/2012\/04\/gdf-001.jpg\" alt=\"\" width=\"640\" height=\"480\" srcset=\"https:\/\/blogg.improveme.se\/joannasundstrom\/files\/2012\/04\/gdf-001.jpg 640w, https:\/\/blogg.improveme.se\/joannasundstrom\/files\/2012\/04\/gdf-001-300x225.jpg 300w\" sizes=\"auto, (max-width: 640px) 100vw, 640px\" \/><\/a><\/p>\n<p>&nbsp;<\/p>\n","protected":false},"excerpt":{"rendered":"<p>\u00c4ntligen hemma efter en l\u00e5ng dag i Huvudstaden. Skulle bara ha n\u00e5gra f\u00e5 grejer men d\u00e5 tidiga bussen g\u00e5r redan\u00a02 timmar senare hann jag inte med den, och fick ist\u00e4llet v\u00e4nta till kl 18, usch och jag som var klar kl 14 typ haha. \u00c5t heller n\u00e4stan\u00a0inget p\u00e5 hela dagen s\u00e5 en finfin migr\u00e4n b\u00f6rjade &#8230; <a title=\"Avlider\" class=\"read-more\" href=\"https:\/\/blogg.improveme.se\/joannasundstrom\/2012\/04\/20\/avlider\/\" aria-label=\"L\u00e4s mer om Avlider\">L\u00e4s mer<\/a><\/p>\n","protected":false},"author":82,"featured_media":0,"comment_status":"open","ping_status":"open","sticky":false,"template":"","format":"standard","meta":{"footnotes":""},"categories":[6],"tags":[],"class_list":["post-495","post","type-post","status-publish","format-standard","hentry","category-allmant"],"_links":{"self":[{"href":"https:\/\/blogg.improveme.se\/joannasundstrom\/wp-json\/wp\/v2\/posts\/495","targetHints":{"allow":["GET"]}}],"collection":[{"href":"https:\/\/blogg.improveme.se\/joannasundstrom\/wp-json\/wp\/v2\/posts"}],"about":[{"href":"https:\/\/blogg.improveme.se\/joannasundstrom\/wp-json\/wp\/v2\/types\/post"}],"author":[{"embeddable":true,"href":"https:\/\/blogg.improveme.se\/joannasundstrom\/wp-json\/wp\/v2\/users\/82"}],"replies":[{"embeddable":true,"href":"https:\/\/blogg.improveme.se\/joannasundstrom\/wp-json\/wp\/v2\/comments?post=495"}],"version-history":[{"count":0,"href":"https:\/\/blogg.improveme.se\/joannasundstrom\/wp-json\/wp\/v2\/posts\/495\/revisions"}],"wp:attachment":[{"href":"https:\/\/blogg.improveme.se\/joannasundstrom\/wp-json\/wp\/v2\/media?parent=495"}],"wp:term":[{"taxonomy":"category","embeddable":true,"href":"https:\/\/blogg.improveme.se\/joannasundstrom\/wp-json\/wp\/v2\/categories?post=495"},{"taxonomy":"post_tag","embeddable":true,"href":"https:\/\/blogg.improveme.se\/joannasundstrom\/wp-json\/wp\/v2\/tags?post=495"}],"curies":[{"name":"wp","href":"https:\/\/api.w.org\/{rel}","templated":true}]}}