{"id":523,"date":"2012-04-23T12:36:41","date_gmt":"2012-04-23T10:36:41","guid":{"rendered":"http:\/\/blogg.improveme.se\/joannasundstrom\/?p=523"},"modified":"2012-04-24T16:19:46","modified_gmt":"2012-04-24T14:19:46","slug":"lemon-cream","status":"publish","type":"post","link":"https:\/\/blogg.improveme.se\/joannasundstrom\/2012\/04\/23\/lemon-cream\/","title":{"rendered":"Lemon cream"},"content":{"rendered":"<p><a href=\"http:\/\/blogg.improveme.se\/joannasundstrom\/files\/2012\/04\/DSCF0566.jpg\"><img loading=\"lazy\" decoding=\"async\" class=\"alignnone size-large wp-image-524\" src=\"http:\/\/blogg.improveme.se\/joannasundstrom\/files\/2012\/04\/DSCF0566-1024x768.jpg\" alt=\"\" width=\"700\" height=\"525\" srcset=\"https:\/\/blogg.improveme.se\/joannasundstrom\/files\/2012\/04\/DSCF0566-1024x768.jpg 1024w, https:\/\/blogg.improveme.se\/joannasundstrom\/files\/2012\/04\/DSCF0566-300x225.jpg 300w\" sizes=\"auto, (max-width: 700px) 100vw, 700px\" \/><\/a><\/p>\n<p><a href=\"http:\/\/blogg.improveme.se\/joannasundstrom\/files\/2012\/04\/DSCF0579.jpg\"><img loading=\"lazy\" decoding=\"async\" class=\"alignnone size-large wp-image-525\" src=\"http:\/\/blogg.improveme.se\/joannasundstrom\/files\/2012\/04\/DSCF0579-1024x768.jpg\" alt=\"\" width=\"700\" height=\"525\" srcset=\"https:\/\/blogg.improveme.se\/joannasundstrom\/files\/2012\/04\/DSCF0579-1024x768.jpg 1024w, https:\/\/blogg.improveme.se\/joannasundstrom\/files\/2012\/04\/DSCF0579-300x225.jpg 300w\" sizes=\"auto, (max-width: 700px) 100vw, 700px\" \/><\/a><\/p>\n<p><em>Dessa lack k\u00f6pte jag i Sthlm och kommer fr\u00e5n Mavalas v\u00e5r kollektion. T\u00e4nkte \u00e4ven k\u00f6pa det ljusgr\u00f6na tillh\u00f6rande kollektionen men tvekade sedan eftersom jag inte kunde komma p\u00e5 n\u00e4r jag skulle anv\u00e4nda det. Tycker det \u00e4r sv\u00e5rt att matcha gr\u00f6nt lack, s\u00e5 det fick bli det rosa med namnet Poetic ist\u00e4llet.\u00a0<\/em><\/p>\n<p><em>Ig\u00e5r kv\u00e4ll pr\u00f6vade jag det gula lemon cream. H\u00e4rlig f\u00e4rg!<\/em><\/p>\n<p>&nbsp;<\/p>\n<p>&nbsp;<\/p>\n","protected":false},"excerpt":{"rendered":"<p>Dessa lack k\u00f6pte jag i Sthlm och kommer fr\u00e5n Mavalas v\u00e5r kollektion. T\u00e4nkte \u00e4ven k\u00f6pa det ljusgr\u00f6na tillh\u00f6rande kollektionen men tvekade sedan eftersom jag inte kunde komma p\u00e5 n\u00e4r jag skulle anv\u00e4nda det. Tycker det \u00e4r sv\u00e5rt att matcha gr\u00f6nt lack, s\u00e5 det fick bli det rosa med namnet Poetic ist\u00e4llet.\u00a0 Ig\u00e5r kv\u00e4ll pr\u00f6vade jag &#8230; <a title=\"Lemon cream\" class=\"read-more\" href=\"https:\/\/blogg.improveme.se\/joannasundstrom\/2012\/04\/23\/lemon-cream\/\" aria-label=\"L\u00e4s mer om Lemon cream\">L\u00e4s mer<\/a><\/p>\n","protected":false},"author":82,"featured_media":0,"comment_status":"open","ping_status":"open","sticky":false,"template":"","format":"standard","meta":{"footnotes":""},"categories":[3],"tags":[],"class_list":["post-523","post","type-post","status-publish","format-standard","hentry","category-har-smink"],"_links":{"self":[{"href":"https:\/\/blogg.improveme.se\/joannasundstrom\/wp-json\/wp\/v2\/posts\/523","targetHints":{"allow":["GET"]}}],"collection":[{"href":"https:\/\/blogg.improveme.se\/joannasundstrom\/wp-json\/wp\/v2\/posts"}],"about":[{"href":"https:\/\/blogg.improveme.se\/joannasundstrom\/wp-json\/wp\/v2\/types\/post"}],"author":[{"embeddable":true,"href":"https:\/\/blogg.improveme.se\/joannasundstrom\/wp-json\/wp\/v2\/users\/82"}],"replies":[{"embeddable":true,"href":"https:\/\/blogg.improveme.se\/joannasundstrom\/wp-json\/wp\/v2\/comments?post=523"}],"version-history":[{"count":0,"href":"https:\/\/blogg.improveme.se\/joannasundstrom\/wp-json\/wp\/v2\/posts\/523\/revisions"}],"wp:attachment":[{"href":"https:\/\/blogg.improveme.se\/joannasundstrom\/wp-json\/wp\/v2\/media?parent=523"}],"wp:term":[{"taxonomy":"category","embeddable":true,"href":"https:\/\/blogg.improveme.se\/joannasundstrom\/wp-json\/wp\/v2\/categories?post=523"},{"taxonomy":"post_tag","embeddable":true,"href":"https:\/\/blogg.improveme.se\/joannasundstrom\/wp-json\/wp\/v2\/tags?post=523"}],"curies":[{"name":"wp","href":"https:\/\/api.w.org\/{rel}","templated":true}]}}