{"id":590,"date":"2012-04-27T15:01:49","date_gmt":"2012-04-27T13:01:49","guid":{"rendered":"http:\/\/blogg.improveme.se\/joannasundstrom\/?p=590"},"modified":"2012-04-27T15:01:49","modified_gmt":"2012-04-27T13:01:49","slug":"tropiskt","status":"publish","type":"post","link":"https:\/\/blogg.improveme.se\/joannasundstrom\/2012\/04\/27\/tropiskt\/","title":{"rendered":"Tropiskt"},"content":{"rendered":"<p>&nbsp;<\/p>\n<p><em>\u00c5h jag har verkligen f\u00e5tt en crush p\u00e5 bl\u00e5tt just nu. <strong>Allt <\/strong>inom accessoarv\u00e4g\u00a0ska vara bl\u00e5tt, smycken,v\u00e4skor, nagellack mm. J\u00e4ttefint till sommaren tycker jag! Detta lack kommer fr\u00e5n Mavala och heter Tropique. Det \u00e4r r\u00e4tt gammalt s\u00e5 det kan h\u00e4nda jag har n\u00e4mnt det tidigare i f\u00f6rra bloggen.<\/em><\/p>\n<p><a href=\"http:\/\/blogg.improveme.se\/joannasundstrom\/files\/2012\/04\/DSCF06421.jpg\"><img loading=\"lazy\" decoding=\"async\" class=\"alignnone size-large wp-image-592\" src=\"http:\/\/blogg.improveme.se\/joannasundstrom\/files\/2012\/04\/DSCF06421-1024x768.jpg\" alt=\"\" width=\"700\" height=\"525\" srcset=\"https:\/\/blogg.improveme.se\/joannasundstrom\/files\/2012\/04\/DSCF06421-1024x768.jpg 1024w, https:\/\/blogg.improveme.se\/joannasundstrom\/files\/2012\/04\/DSCF06421-300x225.jpg 300w\" sizes=\"auto, (max-width: 700px) 100vw, 700px\" \/><\/a><\/p>\n<p><a href=\"http:\/\/blogg.improveme.se\/joannasundstrom\/files\/2012\/04\/DSCF0643.jpg\"><img loading=\"lazy\" decoding=\"async\" class=\"alignnone size-large wp-image-593\" src=\"http:\/\/blogg.improveme.se\/joannasundstrom\/files\/2012\/04\/DSCF0643-1024x768.jpg\" alt=\"\" width=\"700\" height=\"525\" srcset=\"https:\/\/blogg.improveme.se\/joannasundstrom\/files\/2012\/04\/DSCF0643-1024x768.jpg 1024w, https:\/\/blogg.improveme.se\/joannasundstrom\/files\/2012\/04\/DSCF0643-300x225.jpg 300w\" sizes=\"auto, (max-width: 700px) 100vw, 700px\" \/><\/a><\/p>\n<p><em>\u00d6vre bilden <strong>utan<\/strong> blixt<\/em><\/p>\n<p><em>Undre bilden <strong>med<\/strong> blixt<\/em><\/p>\n","protected":false},"excerpt":{"rendered":"<p>&nbsp; \u00c5h jag har verkligen f\u00e5tt en crush p\u00e5 bl\u00e5tt just nu. Allt inom accessoarv\u00e4g\u00a0ska vara bl\u00e5tt, smycken,v\u00e4skor, nagellack mm. J\u00e4ttefint till sommaren tycker jag! Detta lack kommer fr\u00e5n Mavala och heter Tropique. Det \u00e4r r\u00e4tt gammalt s\u00e5 det kan h\u00e4nda jag har n\u00e4mnt det tidigare i f\u00f6rra bloggen. \u00d6vre bilden utan blixt Undre bilden &#8230; <a title=\"Tropiskt\" class=\"read-more\" href=\"https:\/\/blogg.improveme.se\/joannasundstrom\/2012\/04\/27\/tropiskt\/\" aria-label=\"L\u00e4s mer om Tropiskt\">L\u00e4s mer<\/a><\/p>\n","protected":false},"author":82,"featured_media":0,"comment_status":"open","ping_status":"open","sticky":false,"template":"","format":"standard","meta":{"footnotes":""},"categories":[3],"tags":[],"class_list":["post-590","post","type-post","status-publish","format-standard","hentry","category-har-smink"],"_links":{"self":[{"href":"https:\/\/blogg.improveme.se\/joannasundstrom\/wp-json\/wp\/v2\/posts\/590","targetHints":{"allow":["GET"]}}],"collection":[{"href":"https:\/\/blogg.improveme.se\/joannasundstrom\/wp-json\/wp\/v2\/posts"}],"about":[{"href":"https:\/\/blogg.improveme.se\/joannasundstrom\/wp-json\/wp\/v2\/types\/post"}],"author":[{"embeddable":true,"href":"https:\/\/blogg.improveme.se\/joannasundstrom\/wp-json\/wp\/v2\/users\/82"}],"replies":[{"embeddable":true,"href":"https:\/\/blogg.improveme.se\/joannasundstrom\/wp-json\/wp\/v2\/comments?post=590"}],"version-history":[{"count":0,"href":"https:\/\/blogg.improveme.se\/joannasundstrom\/wp-json\/wp\/v2\/posts\/590\/revisions"}],"wp:attachment":[{"href":"https:\/\/blogg.improveme.se\/joannasundstrom\/wp-json\/wp\/v2\/media?parent=590"}],"wp:term":[{"taxonomy":"category","embeddable":true,"href":"https:\/\/blogg.improveme.se\/joannasundstrom\/wp-json\/wp\/v2\/categories?post=590"},{"taxonomy":"post_tag","embeddable":true,"href":"https:\/\/blogg.improveme.se\/joannasundstrom\/wp-json\/wp\/v2\/tags?post=590"}],"curies":[{"name":"wp","href":"https:\/\/api.w.org\/{rel}","templated":true}]}}