{"id":750,"date":"2012-05-27T19:19:13","date_gmt":"2012-05-27T17:19:13","guid":{"rendered":"http:\/\/blogg.improveme.se\/joannasundstrom\/?p=750"},"modified":"2012-05-27T19:32:50","modified_gmt":"2012-05-27T17:32:50","slug":"so-what","status":"publish","type":"post","link":"https:\/\/blogg.improveme.se\/joannasundstrom\/2012\/05\/27\/so-what\/","title":{"rendered":"So what"},"content":{"rendered":"<center>\n\t\t\t\t\t\t<object width=\"100%\" height=\"425\">\n\t\t\t\t\t\t\t\t\n\t\t\t\t\t\t\t<param name=\"movie\" value=\"http:\/\/www.youtube.com\/v\/4A5OHPLyW3s?version=3&amp;hl=sv_SE&amp;rel=0\"><\/param>\n\t\t\t\t\t\t\t<param name=\"allowfullscreen\" value=\"true\"><\/param>\n\t\t\t\t\t\t\t<param name=\"allowScriptAccess\" value=\"always\"><\/param>\n\t\t\t\t\t\t\t\t\n\t\t\t\t\t\t\t<embed src=\"http:\/\/www.youtube.com\/v\/4A5OHPLyW3s?version=3&amp;hl=sv_SE&amp;rel=0\" type=\"application\/x-shockwave-flash\" allowscriptaccess=\"always\" allowfullscreen=\"true\" width=\"100%\" height=\"425\"><\/embed>\n\t\t\t\t\t\t<\/object>\n\t\t\t\t\t<\/center>\n<p><em>Dagen blev mer : Idag ska jag steka i solen och om jag hinner ska jag tv\u00e4tta och st\u00e4da, \u00e4n idag ska jag st\u00e4da och tv\u00e4tta och om jag hinner ska jag ut i solen och steka hahah.. Jag visste n\u00e4stan p\u00e5 f\u00f6rhand att det skulle bli s\u00e5, k\u00e4nner mig sj\u00e4lv f\u00f6r v\u00e4\u00e4l \ud83d\ude42 Och nu t\u00e4nkte jag s\u00e4ga att jag skall l\u00e4gga mig tidigt eftersom jag har fris\u00f6rtid 9.45 i morgonbitti, men det t\u00e4nker jag inte f\u00f6r jag vet att jag inte kommer l\u00e4gga mig tidigare \u00e4n vanligt iallafall haha. \u00a0Har inte haft n\u00e5got att blogga om idag, s\u00e5 h\u00e4r f\u00e5r ni en riktigt sk\u00f6n l\u00e5t ist \ud83d\ude42 Kram<\/em><\/p>\n<p>&nbsp;<\/p>\n","protected":false},"excerpt":{"rendered":"<p>Dagen blev mer : Idag ska jag steka i solen och om jag hinner ska jag tv\u00e4tta och st\u00e4da, \u00e4n idag ska jag st\u00e4da och tv\u00e4tta och om jag hinner ska jag ut i solen och steka hahah.. Jag visste n\u00e4stan p\u00e5 f\u00f6rhand att det skulle bli s\u00e5, k\u00e4nner mig sj\u00e4lv f\u00f6r v\u00e4\u00e4l \ud83d\ude42 Och &#8230; <a title=\"So what\" class=\"read-more\" href=\"https:\/\/blogg.improveme.se\/joannasundstrom\/2012\/05\/27\/so-what\/\" aria-label=\"L\u00e4s mer om So what\">L\u00e4s mer<\/a><\/p>\n","protected":false},"author":82,"featured_media":0,"comment_status":"open","ping_status":"open","sticky":false,"template":"","format":"standard","meta":{"footnotes":""},"categories":[6],"tags":[],"class_list":["post-750","post","type-post","status-publish","format-standard","hentry","category-allmant"],"_links":{"self":[{"href":"https:\/\/blogg.improveme.se\/joannasundstrom\/wp-json\/wp\/v2\/posts\/750","targetHints":{"allow":["GET"]}}],"collection":[{"href":"https:\/\/blogg.improveme.se\/joannasundstrom\/wp-json\/wp\/v2\/posts"}],"about":[{"href":"https:\/\/blogg.improveme.se\/joannasundstrom\/wp-json\/wp\/v2\/types\/post"}],"author":[{"embeddable":true,"href":"https:\/\/blogg.improveme.se\/joannasundstrom\/wp-json\/wp\/v2\/users\/82"}],"replies":[{"embeddable":true,"href":"https:\/\/blogg.improveme.se\/joannasundstrom\/wp-json\/wp\/v2\/comments?post=750"}],"version-history":[{"count":0,"href":"https:\/\/blogg.improveme.se\/joannasundstrom\/wp-json\/wp\/v2\/posts\/750\/revisions"}],"wp:attachment":[{"href":"https:\/\/blogg.improveme.se\/joannasundstrom\/wp-json\/wp\/v2\/media?parent=750"}],"wp:term":[{"taxonomy":"category","embeddable":true,"href":"https:\/\/blogg.improveme.se\/joannasundstrom\/wp-json\/wp\/v2\/categories?post=750"},{"taxonomy":"post_tag","embeddable":true,"href":"https:\/\/blogg.improveme.se\/joannasundstrom\/wp-json\/wp\/v2\/tags?post=750"}],"curies":[{"name":"wp","href":"https:\/\/api.w.org\/{rel}","templated":true}]}}