{"id":872,"date":"2012-06-15T22:59:20","date_gmt":"2012-06-15T20:59:20","guid":{"rendered":"http:\/\/blogg.improveme.se\/joannasundstrom\/?p=872"},"modified":"2012-06-15T22:59:20","modified_gmt":"2012-06-15T20:59:20","slug":"kanslor","status":"publish","type":"post","link":"https:\/\/blogg.improveme.se\/joannasundstrom\/2012\/06\/15\/kanslor\/","title":{"rendered":"K\u00e4nslor"},"content":{"rendered":"<p><em>Det finns stunder d\u00e5 allt verkligen k\u00e4nns j\u00e4vligt surt! Just nu \u00e4r en s\u00e5dan stund. K\u00e4nner mig ensam och besviken. Pl\u00f6tsligt k\u00e4nns det som att alla runt omkring mig har f\u00f6rsvunnit och jag har ingen att prata med. Samtidigt som jag vet att jag g\u00f6r r\u00e4tt beslut k\u00e4nner jag mig som v\u00e4rldens s\u00e4msta m\u00e4nniska.. Vad g\u00f6r man n\u00e4r allt pl\u00f6tsligt k\u00e4nns riktigt f\u00f6rj\u00e4vligt?? Jag vet att egentligen \u00e4r det ingen stor sak att grubbla \u00f6ver men det blir s\u00e5 iallafall. Jag kan inte tr\u00e4na, orkar inte laga n\u00e5t att \u00e4ta mm p\u00e5grund av att jag inte kan koncentrera mig p\u00e5 n\u00e5got annat \u00e4n problemen och tycka synd om mig sj\u00e4lv. Fuck s\u00e4ger jag bara.<\/em><\/p>\n<p><a href=\"http:\/\/blogg.improveme.se\/joannasundstrom\/files\/2012\/06\/DSCF1632.jpg\"><img loading=\"lazy\" decoding=\"async\" class=\"alignnone size-large wp-image-873\" src=\"http:\/\/blogg.improveme.se\/joannasundstrom\/files\/2012\/06\/DSCF1632-1024x755.jpg\" alt=\"\" width=\"700\" height=\"516\" srcset=\"https:\/\/blogg.improveme.se\/joannasundstrom\/files\/2012\/06\/DSCF1632-1024x755.jpg 1024w, https:\/\/blogg.improveme.se\/joannasundstrom\/files\/2012\/06\/DSCF1632-300x221.jpg 300w\" sizes=\"auto, (max-width: 700px) 100vw, 700px\" \/><\/a><\/p>\n<p><em>Yes jag vet att min hy ser hemsk ut p\u00e5 bilden men whatever! Nu t\u00e4nker jag hoppa till s\u00e4ngs. Om jag nu lyckas slita tankarna.<\/em><\/p>\n","protected":false},"excerpt":{"rendered":"<p>Det finns stunder d\u00e5 allt verkligen k\u00e4nns j\u00e4vligt surt! Just nu \u00e4r en s\u00e5dan stund. K\u00e4nner mig ensam och besviken. Pl\u00f6tsligt k\u00e4nns det som att alla runt omkring mig har f\u00f6rsvunnit och jag har ingen att prata med. Samtidigt som jag vet att jag g\u00f6r r\u00e4tt beslut k\u00e4nner jag mig som v\u00e4rldens s\u00e4msta m\u00e4nniska.. Vad &#8230; <a title=\"K\u00e4nslor\" class=\"read-more\" href=\"https:\/\/blogg.improveme.se\/joannasundstrom\/2012\/06\/15\/kanslor\/\" aria-label=\"L\u00e4s mer om K\u00e4nslor\">L\u00e4s mer<\/a><\/p>\n","protected":false},"author":82,"featured_media":0,"comment_status":"open","ping_status":"open","sticky":false,"template":"","format":"standard","meta":{"footnotes":""},"categories":[6],"tags":[],"class_list":["post-872","post","type-post","status-publish","format-standard","hentry","category-allmant"],"_links":{"self":[{"href":"https:\/\/blogg.improveme.se\/joannasundstrom\/wp-json\/wp\/v2\/posts\/872","targetHints":{"allow":["GET"]}}],"collection":[{"href":"https:\/\/blogg.improveme.se\/joannasundstrom\/wp-json\/wp\/v2\/posts"}],"about":[{"href":"https:\/\/blogg.improveme.se\/joannasundstrom\/wp-json\/wp\/v2\/types\/post"}],"author":[{"embeddable":true,"href":"https:\/\/blogg.improveme.se\/joannasundstrom\/wp-json\/wp\/v2\/users\/82"}],"replies":[{"embeddable":true,"href":"https:\/\/blogg.improveme.se\/joannasundstrom\/wp-json\/wp\/v2\/comments?post=872"}],"version-history":[{"count":0,"href":"https:\/\/blogg.improveme.se\/joannasundstrom\/wp-json\/wp\/v2\/posts\/872\/revisions"}],"wp:attachment":[{"href":"https:\/\/blogg.improveme.se\/joannasundstrom\/wp-json\/wp\/v2\/media?parent=872"}],"wp:term":[{"taxonomy":"category","embeddable":true,"href":"https:\/\/blogg.improveme.se\/joannasundstrom\/wp-json\/wp\/v2\/categories?post=872"},{"taxonomy":"post_tag","embeddable":true,"href":"https:\/\/blogg.improveme.se\/joannasundstrom\/wp-json\/wp\/v2\/tags?post=872"}],"curies":[{"name":"wp","href":"https:\/\/api.w.org\/{rel}","templated":true}]}}