{"id":891,"date":"2012-06-22T22:06:06","date_gmt":"2012-06-22T20:06:06","guid":{"rendered":"http:\/\/blogg.improveme.se\/joannasundstrom\/?p=891"},"modified":"2012-06-22T22:06:42","modified_gmt":"2012-06-22T20:06:42","slug":"glad-midsommar","status":"publish","type":"post","link":"https:\/\/blogg.improveme.se\/joannasundstrom\/2012\/06\/22\/glad-midsommar\/","title":{"rendered":"Glad midsommar!"},"content":{"rendered":"<p><em>Glad midsommar p\u00e5 er!\u00a0<\/em><\/p>\n<p><em>Kom hem en snabbis f\u00f6r att fira midsommar med familjen d\u00e5 sista b\u00e5tturen var framme i mariehamn kl 18. Normalt brukar midommar vara en h\u00f6gtid vi firar tillsammans med sl\u00e4kt och v\u00e4nner, massor med mat och blomkransar, men inte detta \u00e5r. Det blev en &#8221; enkel &#8221; middag med oxfil\u00e9 och t\u00e5rta p\u00e5 det \ud83d\ude42 Sen chill framf\u00f6r teven haha, s\u00e5 tyv\u00e4rr har jag inga somriga midsommar bilder att bjuda p\u00e5. I morgon \u00e5ker jag iv\u00e4g p\u00e5 jobb igen, b\u00f6rjar dock kl 12 s\u00e5 liiite sovmorgon har jag, yes! Inte ofta man f\u00e5r det p\u00e5 detta jobb..\u00a0<\/em><\/p>\n<p><img loading=\"lazy\" decoding=\"async\" class=\"alignnone size-large wp-image-894\" src=\"http:\/\/blogg.improveme.se\/joannasundstrom\/files\/2012\/06\/DSCF17542-1024x768.jpg\" alt=\"\" width=\"700\" height=\"525\" srcset=\"https:\/\/blogg.improveme.se\/joannasundstrom\/files\/2012\/06\/DSCF17542-1024x768.jpg 1024w, https:\/\/blogg.improveme.se\/joannasundstrom\/files\/2012\/06\/DSCF17542-300x225.jpg 300w\" sizes=\"auto, (max-width: 700px) 100vw, 700px\" \/><\/p>\n<p><em>Nu skall jag mysa ner mig h\u00e4r med min irish coffee \ud83d\ude42 Ha en bra kv\u00e4ll!<\/em><\/p>\n","protected":false},"excerpt":{"rendered":"<p>Glad midsommar p\u00e5 er!\u00a0 Kom hem en snabbis f\u00f6r att fira midsommar med familjen d\u00e5 sista b\u00e5tturen var framme i mariehamn kl 18. Normalt brukar midommar vara en h\u00f6gtid vi firar tillsammans med sl\u00e4kt och v\u00e4nner, massor med mat och blomkransar, men inte detta \u00e5r. Det blev en &#8221; enkel &#8221; middag med oxfil\u00e9 och &#8230; <a title=\"Glad midsommar!\" class=\"read-more\" href=\"https:\/\/blogg.improveme.se\/joannasundstrom\/2012\/06\/22\/glad-midsommar\/\" aria-label=\"L\u00e4s mer om Glad midsommar!\">L\u00e4s mer<\/a><\/p>\n","protected":false},"author":82,"featured_media":0,"comment_status":"open","ping_status":"open","sticky":false,"template":"","format":"standard","meta":{"footnotes":""},"categories":[6],"tags":[],"class_list":["post-891","post","type-post","status-publish","format-standard","hentry","category-allmant"],"_links":{"self":[{"href":"https:\/\/blogg.improveme.se\/joannasundstrom\/wp-json\/wp\/v2\/posts\/891","targetHints":{"allow":["GET"]}}],"collection":[{"href":"https:\/\/blogg.improveme.se\/joannasundstrom\/wp-json\/wp\/v2\/posts"}],"about":[{"href":"https:\/\/blogg.improveme.se\/joannasundstrom\/wp-json\/wp\/v2\/types\/post"}],"author":[{"embeddable":true,"href":"https:\/\/blogg.improveme.se\/joannasundstrom\/wp-json\/wp\/v2\/users\/82"}],"replies":[{"embeddable":true,"href":"https:\/\/blogg.improveme.se\/joannasundstrom\/wp-json\/wp\/v2\/comments?post=891"}],"version-history":[{"count":0,"href":"https:\/\/blogg.improveme.se\/joannasundstrom\/wp-json\/wp\/v2\/posts\/891\/revisions"}],"wp:attachment":[{"href":"https:\/\/blogg.improveme.se\/joannasundstrom\/wp-json\/wp\/v2\/media?parent=891"}],"wp:term":[{"taxonomy":"category","embeddable":true,"href":"https:\/\/blogg.improveme.se\/joannasundstrom\/wp-json\/wp\/v2\/categories?post=891"},{"taxonomy":"post_tag","embeddable":true,"href":"https:\/\/blogg.improveme.se\/joannasundstrom\/wp-json\/wp\/v2\/tags?post=891"}],"curies":[{"name":"wp","href":"https:\/\/api.w.org\/{rel}","templated":true}]}}