{"id":907,"date":"2012-06-27T16:17:59","date_gmt":"2012-06-27T14:17:59","guid":{"rendered":"http:\/\/blogg.improveme.se\/joannasundstrom\/?p=907"},"modified":"2012-06-27T16:17:59","modified_gmt":"2012-06-27T14:17:59","slug":"uppsala-norrtalje","status":"publish","type":"post","link":"https:\/\/blogg.improveme.se\/joannasundstrom\/2012\/06\/27\/uppsala-norrtalje\/","title":{"rendered":"Uppsala &amp; Norrt\u00e4lje"},"content":{"rendered":"<p><a href=\"http:\/\/blogg.improveme.se\/joannasundstrom\/files\/2012\/06\/Joanna.jpg\"><img loading=\"lazy\" decoding=\"async\" class=\"alignnone size-large wp-image-908\" src=\"http:\/\/blogg.improveme.se\/joannasundstrom\/files\/2012\/06\/Joanna-1024x664.jpg\" alt=\"\" width=\"700\" height=\"453\" srcset=\"https:\/\/blogg.improveme.se\/joannasundstrom\/files\/2012\/06\/Joanna-1024x664.jpg 1024w, https:\/\/blogg.improveme.se\/joannasundstrom\/files\/2012\/06\/Joanna-300x194.jpg 300w\" sizes=\"auto, (max-width: 700px) 100vw, 700px\" \/><\/a><\/p>\n<p><em>Var som sagt till Uppsala ig\u00e5r med mami, handlade lite grejer till nya k\u00f6ket som \u00e4r p\u00e5 g. Hittde \u00e4ven v\u00e4\u00e4rdlens snyggaste jacka p\u00e5 rea, hoppas den finns kvar i sthlm d\u00e5 jag \u00e5ker med Regina. P\u00e5 v\u00e4g hem \u00e5kte vi via Norrt\u00e4lje och bes\u00f6kte mysiga inredningsaff\u00e4rer. Skulle aldrig ha \u00e5kt till Sverige ig\u00e5r om jag visste att jobbet skulle ringa idag och be mig komma ombord en vecka igen fr\u00e5n och med i morgon haha, jaja det \u00e4r bara att bita i det sura \u00e4pplet \ud83d\ude09 Pengarna rullar \u00e5tminst\u00e5ne in..\u00a0<\/em><\/p>\n","protected":false},"excerpt":{"rendered":"<p>Var som sagt till Uppsala ig\u00e5r med mami, handlade lite grejer till nya k\u00f6ket som \u00e4r p\u00e5 g. Hittde \u00e4ven v\u00e4\u00e4rdlens snyggaste jacka p\u00e5 rea, hoppas den finns kvar i sthlm d\u00e5 jag \u00e5ker med Regina. P\u00e5 v\u00e4g hem \u00e5kte vi via Norrt\u00e4lje och bes\u00f6kte mysiga inredningsaff\u00e4rer. Skulle aldrig ha \u00e5kt till Sverige ig\u00e5r om &#8230; <a title=\"Uppsala &amp; Norrt\u00e4lje\" class=\"read-more\" href=\"https:\/\/blogg.improveme.se\/joannasundstrom\/2012\/06\/27\/uppsala-norrtalje\/\" aria-label=\"L\u00e4s mer om Uppsala &amp; Norrt\u00e4lje\">L\u00e4s mer<\/a><\/p>\n","protected":false},"author":82,"featured_media":0,"comment_status":"open","ping_status":"open","sticky":false,"template":"","format":"standard","meta":{"footnotes":""},"categories":[6],"tags":[],"class_list":["post-907","post","type-post","status-publish","format-standard","hentry","category-allmant"],"_links":{"self":[{"href":"https:\/\/blogg.improveme.se\/joannasundstrom\/wp-json\/wp\/v2\/posts\/907","targetHints":{"allow":["GET"]}}],"collection":[{"href":"https:\/\/blogg.improveme.se\/joannasundstrom\/wp-json\/wp\/v2\/posts"}],"about":[{"href":"https:\/\/blogg.improveme.se\/joannasundstrom\/wp-json\/wp\/v2\/types\/post"}],"author":[{"embeddable":true,"href":"https:\/\/blogg.improveme.se\/joannasundstrom\/wp-json\/wp\/v2\/users\/82"}],"replies":[{"embeddable":true,"href":"https:\/\/blogg.improveme.se\/joannasundstrom\/wp-json\/wp\/v2\/comments?post=907"}],"version-history":[{"count":0,"href":"https:\/\/blogg.improveme.se\/joannasundstrom\/wp-json\/wp\/v2\/posts\/907\/revisions"}],"wp:attachment":[{"href":"https:\/\/blogg.improveme.se\/joannasundstrom\/wp-json\/wp\/v2\/media?parent=907"}],"wp:term":[{"taxonomy":"category","embeddable":true,"href":"https:\/\/blogg.improveme.se\/joannasundstrom\/wp-json\/wp\/v2\/categories?post=907"},{"taxonomy":"post_tag","embeddable":true,"href":"https:\/\/blogg.improveme.se\/joannasundstrom\/wp-json\/wp\/v2\/tags?post=907"}],"curies":[{"name":"wp","href":"https:\/\/api.w.org\/{rel}","templated":true}]}}