{"id":921,"date":"2012-06-29T13:11:54","date_gmt":"2012-06-29T11:11:54","guid":{"rendered":"http:\/\/blogg.improveme.se\/joannasundstrom\/?p=921"},"modified":"2012-06-29T13:11:54","modified_gmt":"2012-06-29T11:11:54","slug":"ledig-stund","status":"publish","type":"post","link":"https:\/\/blogg.improveme.se\/joannasundstrom\/2012\/06\/29\/ledig-stund\/","title":{"rendered":"Ledig stund"},"content":{"rendered":"<p><a href=\"http:\/\/blogg.improveme.se\/joannasundstrom\/files\/2012\/06\/Bild-2012-06-28-kl.-22.53.jpg\"><img loading=\"lazy\" decoding=\"async\" class=\"alignnone size-full wp-image-922\" src=\"http:\/\/blogg.improveme.se\/joannasundstrom\/files\/2012\/06\/Bild-2012-06-28-kl.-22.53.jpg\" alt=\"\" width=\"640\" height=\"426\" srcset=\"https:\/\/blogg.improveme.se\/joannasundstrom\/files\/2012\/06\/Bild-2012-06-28-kl.-22.53.jpg 640w, https:\/\/blogg.improveme.se\/joannasundstrom\/files\/2012\/06\/Bild-2012-06-28-kl.-22.53-300x199.jpg 300w\" sizes=\"auto, (max-width: 640px) 100vw, 640px\" \/><\/a><\/p>\n<p><em>Goddag!\u00a0<\/em><\/p>\n<p><em>Har en paus nu p\u00e5 ca 3 timmar s\u00e5 passar p\u00e5 att g\u00f6ra ett inl\u00e4gg s\u00e5 att det inte \u00e4r helt d\u00f6tt h\u00e4r under veckan \ud83d\ude42 Det \u00e4r s\u00e5\u00e5\u00e5 h\u00e4rligt v\u00e4der ute idag, synd att jag \u00e4r ute p\u00e5 havet (bl\u00e5ser sjukt mkt ute p\u00e5 sundeck) , annars skulle jag legat och stekt idag haha, har typ inte gjort det i sommar \u00e4n. Annars d\u00e5\u00e5.. steg upp kl 6 i morse d\u00e5 det var helt om\u00f6jligt att sova l\u00e4ngre, j\u00e4tte h\u00f6ga maskinljud \u00a0som satte ig\u00e5ng d\u00e4r vid 5 p\u00e5 morgonen haha, hela hyttkorridoren m\u00e5ste ha vaknat. Nu skall jag g\u00e5 ut p\u00e5 deck och pina mig sj\u00e4lv i bl\u00e5sten igen, bl\u00e5ser s\u00e4kert inte lika mkt inne vid kapellsk\u00e4rs hamn. Ha en fin Fredag!<\/em><\/p>\n","protected":false},"excerpt":{"rendered":"<p>Goddag!\u00a0 Har en paus nu p\u00e5 ca 3 timmar s\u00e5 passar p\u00e5 att g\u00f6ra ett inl\u00e4gg s\u00e5 att det inte \u00e4r helt d\u00f6tt h\u00e4r under veckan \ud83d\ude42 Det \u00e4r s\u00e5\u00e5\u00e5 h\u00e4rligt v\u00e4der ute idag, synd att jag \u00e4r ute p\u00e5 havet (bl\u00e5ser sjukt mkt ute p\u00e5 sundeck) , annars skulle jag legat och stekt idag &#8230; <a title=\"Ledig stund\" class=\"read-more\" href=\"https:\/\/blogg.improveme.se\/joannasundstrom\/2012\/06\/29\/ledig-stund\/\" aria-label=\"L\u00e4s mer om Ledig stund\">L\u00e4s mer<\/a><\/p>\n","protected":false},"author":82,"featured_media":0,"comment_status":"open","ping_status":"open","sticky":false,"template":"","format":"standard","meta":{"footnotes":""},"categories":[6],"tags":[],"class_list":["post-921","post","type-post","status-publish","format-standard","hentry","category-allmant"],"_links":{"self":[{"href":"https:\/\/blogg.improveme.se\/joannasundstrom\/wp-json\/wp\/v2\/posts\/921","targetHints":{"allow":["GET"]}}],"collection":[{"href":"https:\/\/blogg.improveme.se\/joannasundstrom\/wp-json\/wp\/v2\/posts"}],"about":[{"href":"https:\/\/blogg.improveme.se\/joannasundstrom\/wp-json\/wp\/v2\/types\/post"}],"author":[{"embeddable":true,"href":"https:\/\/blogg.improveme.se\/joannasundstrom\/wp-json\/wp\/v2\/users\/82"}],"replies":[{"embeddable":true,"href":"https:\/\/blogg.improveme.se\/joannasundstrom\/wp-json\/wp\/v2\/comments?post=921"}],"version-history":[{"count":0,"href":"https:\/\/blogg.improveme.se\/joannasundstrom\/wp-json\/wp\/v2\/posts\/921\/revisions"}],"wp:attachment":[{"href":"https:\/\/blogg.improveme.se\/joannasundstrom\/wp-json\/wp\/v2\/media?parent=921"}],"wp:term":[{"taxonomy":"category","embeddable":true,"href":"https:\/\/blogg.improveme.se\/joannasundstrom\/wp-json\/wp\/v2\/categories?post=921"},{"taxonomy":"post_tag","embeddable":true,"href":"https:\/\/blogg.improveme.se\/joannasundstrom\/wp-json\/wp\/v2\/tags?post=921"}],"curies":[{"name":"wp","href":"https:\/\/api.w.org\/{rel}","templated":true}]}}