{"id":1979,"date":"2012-10-15T15:38:47","date_gmt":"2012-10-15T13:38:47","guid":{"rendered":"http:\/\/blogg.improveme.se\/kandisbloggen\/?p=1979"},"modified":"2012-10-15T15:41:02","modified_gmt":"2012-10-15T13:41:02","slug":"brad-pitt-for-chanel","status":"publish","type":"post","link":"https:\/\/blogg.improveme.se\/kandisbloggen\/2012\/10\/15\/brad-pitt-for-chanel\/","title":{"rendered":"Brad Pitt f\u00f6r Chanel"},"content":{"rendered":"<p><a href=\"http:\/\/blogg.improveme.se\/kandisbloggen\/files\/2012\/10\/ste_brad_pitt_in_8594144.jpg\"><img loading=\"lazy\" decoding=\"async\" class=\"aligncenter size-large wp-image-1980\" title=\"Brad Pitt in new advertising campign for perfume  Chanel No. 5\" src=\"http:\/\/blogg.improveme.se\/kandisbloggen\/files\/2012\/10\/ste_brad_pitt_in_8594144-1024x663.jpg\" alt=\"\" width=\"700\" height=\"453\" srcset=\"https:\/\/blogg.improveme.se\/kandisbloggen\/files\/2012\/10\/ste_brad_pitt_in_8594144-1024x663.jpg 1024w, https:\/\/blogg.improveme.se\/kandisbloggen\/files\/2012\/10\/ste_brad_pitt_in_8594144-300x194.jpg 300w\" sizes=\"auto, (max-width: 700px) 100vw, 700px\" \/><\/a><strong>Brad Pitt<\/strong> \u00e4r ansikte i kampanjen f\u00f6r Chanels klassiska parfym N\u00b05. Superstj\u00e4rnan har \u00e4ven tidigare varit ansikte f\u00f6r lyxm\u00e4rket.<\/p>\n<p>Vad tycker du om bilden med Brad f\u00f6r Chanel?<\/p>\n","protected":false},"excerpt":{"rendered":"<p>Brad Pitt \u00e4r ansikte i kampanjen f\u00f6r Chanels klassiska parfym N\u00b05. Superstj\u00e4rnan har \u00e4ven tidigare varit ansikte f\u00f6r lyxm\u00e4rket. Vad tycker du om bilden med Brad f\u00f6r Chanel?<\/p>\n","protected":false},"author":1396,"featured_media":0,"comment_status":"open","ping_status":"open","sticky":false,"template":"","format":"standard","meta":{"footnotes":""},"categories":[11],"tags":[],"class_list":["post-1979","post","type-post","status-publish","format-standard","hentry","category-filmstjarnor"],"_links":{"self":[{"href":"https:\/\/blogg.improveme.se\/kandisbloggen\/wp-json\/wp\/v2\/posts\/1979","targetHints":{"allow":["GET"]}}],"collection":[{"href":"https:\/\/blogg.improveme.se\/kandisbloggen\/wp-json\/wp\/v2\/posts"}],"about":[{"href":"https:\/\/blogg.improveme.se\/kandisbloggen\/wp-json\/wp\/v2\/types\/post"}],"author":[{"embeddable":true,"href":"https:\/\/blogg.improveme.se\/kandisbloggen\/wp-json\/wp\/v2\/users\/1396"}],"replies":[{"embeddable":true,"href":"https:\/\/blogg.improveme.se\/kandisbloggen\/wp-json\/wp\/v2\/comments?post=1979"}],"version-history":[{"count":0,"href":"https:\/\/blogg.improveme.se\/kandisbloggen\/wp-json\/wp\/v2\/posts\/1979\/revisions"}],"wp:attachment":[{"href":"https:\/\/blogg.improveme.se\/kandisbloggen\/wp-json\/wp\/v2\/media?parent=1979"}],"wp:term":[{"taxonomy":"category","embeddable":true,"href":"https:\/\/blogg.improveme.se\/kandisbloggen\/wp-json\/wp\/v2\/categories?post=1979"},{"taxonomy":"post_tag","embeddable":true,"href":"https:\/\/blogg.improveme.se\/kandisbloggen\/wp-json\/wp\/v2\/tags?post=1979"}],"curies":[{"name":"wp","href":"https:\/\/api.w.org\/{rel}","templated":true}]}}