{"id":107,"date":"2012-08-16T14:01:14","date_gmt":"2012-08-16T13:01:14","guid":{"rendered":"http:\/\/blogg.improveme.se\/linkovic\/?p=107"},"modified":"2012-08-16T14:01:14","modified_gmt":"2012-08-16T13:01:14","slug":"dag-11-dags-att-borja-gymma","status":"publish","type":"post","link":"https:\/\/blogg.improveme.se\/linkovic\/2012\/08\/16\/dag-11-dags-att-borja-gymma\/","title":{"rendered":"Dag 11 &#8211; Dags att b\u00f6rja gymma!"},"content":{"rendered":"<p>Hej p\u00e5 er,<\/p>\n<p>Idag har jag best\u00e4mt mig f\u00f6r att b\u00f6rja ta tag i gymmandet! Kommer forts\u00e4tta k\u00f6ra morgonpromenaderna innan jobbet men sen byta ut kv\u00e4llspromenaderna mot h\u00e5rda gympass. Benet k\u00e4nns n\u00e4stan helt 100 nu s\u00e5 tiden \u00e4r inne f\u00f6r att ge det ett f\u00f6rs\u00f6k p\u00e5 allvar. Riktigt taggad faktiskt! Har inte v\u00e4gt mig \u00e4n men jag tycker inte att jag kan se att jag tappat n\u00e5gon vikt \u00e4n s\u00e5 l\u00e4nge. Jag blir alltid lite manisk d\u00e5 jag kommer in i s\u00e5na h\u00e4r perioder och l\u00e4ser s\u00e5 mycket jag bara kan om tr\u00e4ning och kost \ud83d\ude42 Och checkar magen x antal g\u00e5nger i spegeln varje kv\u00e4ll \ud83d\ude42 Men den har som sagt inte velat visa n\u00e5gra tecken p\u00e5 att avl\u00e4gsna sig \u00e4n s\u00e5 l\u00e4nge!<\/p>\n<p>F\u00f6rutom att jag \u00e4r hungrig hela tiden och lite tr\u00f6ttare \u00e4n vanligt s\u00e5 k\u00e4nns allt bara j\u00e4kligt bra nu \ud83d\ude42 K\u00e4nner att jag \u00e4r p\u00e5 r\u00e4tt v\u00e4g och att allt bara blir l\u00e4ttare och b\u00e4ttre hela tiden!<\/p>\n<p>Vi h\u00f6rs. \/ Link<\/p>\n<p>&nbsp;<\/p>\n","protected":false},"excerpt":{"rendered":"<p>Hej p\u00e5 er, Idag har jag best\u00e4mt mig f\u00f6r att b\u00f6rja ta tag i gymmandet! Kommer forts\u00e4tta k\u00f6ra morgonpromenaderna innan jobbet men sen byta ut kv\u00e4llspromenaderna mot h\u00e5rda gympass. Benet k\u00e4nns n\u00e4stan helt 100 nu s\u00e5 tiden \u00e4r inne f\u00f6r att ge det ett f\u00f6rs\u00f6k p\u00e5 allvar. Riktigt taggad faktiskt! Har inte v\u00e4gt mig \u00e4n &#8230; <a title=\"Dag 11 &#8211; Dags att b\u00f6rja gymma!\" class=\"read-more\" href=\"https:\/\/blogg.improveme.se\/linkovic\/2012\/08\/16\/dag-11-dags-att-borja-gymma\/\" aria-label=\"L\u00e4s mer om Dag 11 &#8211; Dags att b\u00f6rja gymma!\">L\u00e4s mer<\/a><\/p>\n","protected":false},"author":3142,"featured_media":0,"comment_status":"open","ping_status":"open","sticky":false,"template":"","format":"standard","meta":{"footnotes":""},"categories":[3],"tags":[],"class_list":["post-107","post","type-post","status-publish","format-standard","hentry","category-livsstil-halsa"],"_links":{"self":[{"href":"https:\/\/blogg.improveme.se\/linkovic\/wp-json\/wp\/v2\/posts\/107","targetHints":{"allow":["GET"]}}],"collection":[{"href":"https:\/\/blogg.improveme.se\/linkovic\/wp-json\/wp\/v2\/posts"}],"about":[{"href":"https:\/\/blogg.improveme.se\/linkovic\/wp-json\/wp\/v2\/types\/post"}],"author":[{"embeddable":true,"href":"https:\/\/blogg.improveme.se\/linkovic\/wp-json\/wp\/v2\/users\/3142"}],"replies":[{"embeddable":true,"href":"https:\/\/blogg.improveme.se\/linkovic\/wp-json\/wp\/v2\/comments?post=107"}],"version-history":[{"count":0,"href":"https:\/\/blogg.improveme.se\/linkovic\/wp-json\/wp\/v2\/posts\/107\/revisions"}],"wp:attachment":[{"href":"https:\/\/blogg.improveme.se\/linkovic\/wp-json\/wp\/v2\/media?parent=107"}],"wp:term":[{"taxonomy":"category","embeddable":true,"href":"https:\/\/blogg.improveme.se\/linkovic\/wp-json\/wp\/v2\/categories?post=107"},{"taxonomy":"post_tag","embeddable":true,"href":"https:\/\/blogg.improveme.se\/linkovic\/wp-json\/wp\/v2\/tags?post=107"}],"curies":[{"name":"wp","href":"https:\/\/api.w.org\/{rel}","templated":true}]}}