{"id":109,"date":"2012-08-16T21:32:15","date_gmt":"2012-08-16T20:32:15","guid":{"rendered":"http:\/\/blogg.improveme.se\/linkovic\/?p=109"},"modified":"2012-08-16T21:32:15","modified_gmt":"2012-08-16T20:32:15","slug":"dag-11-ingenting-kan-vaxa-utan-bade-regn-och-sol","status":"publish","type":"post","link":"https:\/\/blogg.improveme.se\/linkovic\/2012\/08\/16\/dag-11-ingenting-kan-vaxa-utan-bade-regn-och-sol\/","title":{"rendered":"Dag 11 &#8211; Ingenting kan v\u00e4xa utan b\u00e5de regn och sol."},"content":{"rendered":"<p>Go kv\u00e4ll,<\/p>\n<p>Det blev inget gymmande idag! Blev fruktansv\u00e4rt sugen p\u00e5 att ta mig ut och springa. Visste inte om benet skulle h\u00e5lla f\u00f6r det men det gjorde det \ud83d\ude42 Det var perfekt l\u00f6parv\u00e4der! Friskt i luften, helt perfekt f\u00f6r att komma ut och rensa huvudet.<\/p>\n<p>K\u00e4nns som om jag har ovanligt mycket saker i huvudet just nu. Fokuserar dessutom p\u00e5 v\u00e4ldigt fel saker. Har verkligen inte vart p\u00e5 t\u00e5rna sen jag kom tillbaka till jobbet och har inte lika l\u00e4tt f\u00f6r skratt. N\u00e5got som inte k\u00e4nns helt r\u00e4tt. Jag tvivlar p\u00e5 mig sj\u00e4lv, saknar sj\u00e4lvf\u00f6rtroende just nu. Jag kan bli s\u00e5 h\u00e4r ibland och jag hatar det. H\u00f6ga toppar och djupa dalar men nu b\u00f6rjar jag verkligen sakna mitt leende! Tro nu inte att jag skriver detta f\u00f6r att jag p\u00e5 n\u00e5got sett vill ha medlidande eller s\u00f6ker tr\u00f6st. Det finns inga upplyftande ord i v\u00e4rlden som hj\u00e4lper n\u00e4r jag \u00e4r p\u00e5 det h\u00e4r hum\u00f6ret. Men jag vill inte skriva att allt \u00e4r toppen n\u00e4r det inte \u00e4r det. Jag \u00e4r inte alltid glad och det tror jag inte att n\u00e5gon m\u00e4nniska \u00e4r. Vi fungerar v\u00e4l s\u00e5. Som alltid s\u00e5 finns det bara en m\u00e4nniska som kan \u00e4ndra p\u00e5 saker och ting f\u00f6r att g\u00f6ra det b\u00e4ttre &#8211; jag sj\u00e4lv! Alla har vi motvind ibland, vi kan till och med falla. Man kan ligga kvar ett litet tag och analysera vad fan som gick fel egentligen, men sen \u00e4r det bara att fort som fan resa sig igen och kriga vidare! Det finns s\u00e5 orealistiskt m\u00e5nga m\u00e4nniskor som har det s\u00e5 j\u00e4vla mycket v\u00e4rre \u00e4n mig d\u00e4r ute i v\u00e4rlden. Som inte klagar eller tycker synd om sig sj\u00e4lva(som jag g\u00f6r). Det kunde vara s\u00e5 j\u00e4vla mycket v\u00e4rre. Jag har det ju till och med riktigt bra. Det g\u00e4ller bara att p\u00e5minna sig sj\u00e4lv om det ibland. Under tiden d\u00e5 jag skrev det h\u00e4r s\u00e5 b\u00f6rjade jag p\u00e5 allvar m\u00e5 mycket b\u00e4ttre! Skriva kanske fungerar som terapi f\u00f6r mig \ud83d\ude42<\/p>\n<p>Lite s\u00f6mn p\u00e5 det h\u00e4r s\u00e5 tar vi nya tag imorgon &#8211; god natt!<\/p>\n<p>\/ Link<\/p>\n<figure id=\"attachment_110\" aria-describedby=\"caption-attachment-110\" style=\"width: 290px\" class=\"wp-caption aligncenter\"><a href=\"http:\/\/blogg.improveme.se\/linkovic\/files\/2012\/08\/Dag-11.jpg\"><img loading=\"lazy\" decoding=\"async\" class=\"size-medium wp-image-110\" src=\"http:\/\/blogg.improveme.se\/linkovic\/files\/2012\/08\/Dag-11-300x223.jpg\" alt=\"\" width=\"300\" height=\"223\" srcset=\"https:\/\/blogg.improveme.se\/linkovic\/files\/2012\/08\/Dag-11-300x223.jpg 300w, https:\/\/blogg.improveme.se\/linkovic\/files\/2012\/08\/Dag-11-680x507.jpg 680w, https:\/\/blogg.improveme.se\/linkovic\/files\/2012\/08\/Dag-11.jpg 960w\" sizes=\"auto, (max-width: 300px) 100vw, 300px\" \/><\/a><figcaption id=\"caption-attachment-110\" class=\"wp-caption-text\">Dag 11<\/figcaption><\/figure>\n<p>&nbsp;<\/p>\n","protected":false},"excerpt":{"rendered":"<p>Go kv\u00e4ll, Det blev inget gymmande idag! Blev fruktansv\u00e4rt sugen p\u00e5 att ta mig ut och springa. Visste inte om benet skulle h\u00e5lla f\u00f6r det men det gjorde det \ud83d\ude42 Det var perfekt l\u00f6parv\u00e4der! Friskt i luften, helt perfekt f\u00f6r att komma ut och rensa huvudet. K\u00e4nns som om jag har ovanligt mycket saker i &#8230; <a title=\"Dag 11 &#8211; Ingenting kan v\u00e4xa utan b\u00e5de regn och sol.\" class=\"read-more\" href=\"https:\/\/blogg.improveme.se\/linkovic\/2012\/08\/16\/dag-11-ingenting-kan-vaxa-utan-bade-regn-och-sol\/\" aria-label=\"L\u00e4s mer om Dag 11 &#8211; Ingenting kan v\u00e4xa utan b\u00e5de regn och sol.\">L\u00e4s mer<\/a><\/p>\n","protected":false},"author":3142,"featured_media":0,"comment_status":"open","ping_status":"open","sticky":false,"template":"","format":"standard","meta":{"footnotes":""},"categories":[3],"tags":[],"class_list":["post-109","post","type-post","status-publish","format-standard","hentry","category-livsstil-halsa"],"_links":{"self":[{"href":"https:\/\/blogg.improveme.se\/linkovic\/wp-json\/wp\/v2\/posts\/109","targetHints":{"allow":["GET"]}}],"collection":[{"href":"https:\/\/blogg.improveme.se\/linkovic\/wp-json\/wp\/v2\/posts"}],"about":[{"href":"https:\/\/blogg.improveme.se\/linkovic\/wp-json\/wp\/v2\/types\/post"}],"author":[{"embeddable":true,"href":"https:\/\/blogg.improveme.se\/linkovic\/wp-json\/wp\/v2\/users\/3142"}],"replies":[{"embeddable":true,"href":"https:\/\/blogg.improveme.se\/linkovic\/wp-json\/wp\/v2\/comments?post=109"}],"version-history":[{"count":0,"href":"https:\/\/blogg.improveme.se\/linkovic\/wp-json\/wp\/v2\/posts\/109\/revisions"}],"wp:attachment":[{"href":"https:\/\/blogg.improveme.se\/linkovic\/wp-json\/wp\/v2\/media?parent=109"}],"wp:term":[{"taxonomy":"category","embeddable":true,"href":"https:\/\/blogg.improveme.se\/linkovic\/wp-json\/wp\/v2\/categories?post=109"},{"taxonomy":"post_tag","embeddable":true,"href":"https:\/\/blogg.improveme.se\/linkovic\/wp-json\/wp\/v2\/tags?post=109"}],"curies":[{"name":"wp","href":"https:\/\/api.w.org\/{rel}","templated":true}]}}