{"id":172,"date":"2012-08-29T22:58:29","date_gmt":"2012-08-29T21:58:29","guid":{"rendered":"http:\/\/blogg.improveme.se\/linkovic\/?p=172"},"modified":"2012-08-29T22:58:29","modified_gmt":"2012-08-29T21:58:29","slug":"dag-24-rockbjornen","status":"publish","type":"post","link":"https:\/\/blogg.improveme.se\/linkovic\/2012\/08\/29\/dag-24-rockbjornen\/","title":{"rendered":"Dag 24 &#8211; Rockbj\u00f6rnen"},"content":{"rendered":"<p>God kv\u00e4ll,<\/p>\n<p>Det h\u00e4r blev ett j\u00e4vligt sent inl\u00e4gg!<\/p>\n<p>Sjukt n\u00e4ra att jag missar att f\u00e5 till det h\u00e4r innan tolvslaget&#8230; Den h\u00e4r dagen har vart r\u00e4tt hektisk. Mycket p\u00e5 jobbet och sen direkt efter Rockbj\u00f6rnen. Det var trevligt och jag \u00e5kte bergodalbanan p\u00e5 Gr\u00f6nan f\u00f6r f\u00f6rsta g\u00e5ngen i \u00e5r \ud83d\ude42 Men handen p\u00e5 hj\u00e4rtat s\u00e5 \u00e4r det faktiskt lite h\u00e4rligare p\u00e5 en s\u00e5n typ av tillst\u00e4llning med lite alkohol i kroppen. Och har lite \u00e5ngest f\u00f6r att jag missar att fira min v\u00e4n Marcus som fyller 30 vid tolvslaget \ud83d\ude41 Grattis till dig iallafall! Blev en powerwalk imorse men n\u00e5got gymmande har jag inte haft tid till tyv\u00e4rr.<\/p>\n<p>Nu ska jag hoppa ner i bingen &#8211; god natt!<\/p>\n<p>\/Link<\/p>\n<p><a href=\"http:\/\/blogg.improveme.se\/linkovic\/files\/2012\/08\/Dag-24.jpg\"><img loading=\"lazy\" decoding=\"async\" class=\"aligncenter size-medium wp-image-173\" src=\"http:\/\/blogg.improveme.se\/linkovic\/files\/2012\/08\/Dag-24-300x223.jpg\" alt=\"\" width=\"300\" height=\"223\" srcset=\"https:\/\/blogg.improveme.se\/linkovic\/files\/2012\/08\/Dag-24-300x223.jpg 300w, https:\/\/blogg.improveme.se\/linkovic\/files\/2012\/08\/Dag-24-680x507.jpg 680w, https:\/\/blogg.improveme.se\/linkovic\/files\/2012\/08\/Dag-24.jpg 960w\" sizes=\"auto, (max-width: 300px) 100vw, 300px\" \/><\/a><\/p>\n","protected":false},"excerpt":{"rendered":"<p>God kv\u00e4ll, Det h\u00e4r blev ett j\u00e4vligt sent inl\u00e4gg! Sjukt n\u00e4ra att jag missar att f\u00e5 till det h\u00e4r innan tolvslaget&#8230; Den h\u00e4r dagen har vart r\u00e4tt hektisk. Mycket p\u00e5 jobbet och sen direkt efter Rockbj\u00f6rnen. Det var trevligt och jag \u00e5kte bergodalbanan p\u00e5 Gr\u00f6nan f\u00f6r f\u00f6rsta g\u00e5ngen i \u00e5r \ud83d\ude42 Men handen p\u00e5 hj\u00e4rtat &#8230; <a title=\"Dag 24 &#8211; Rockbj\u00f6rnen\" class=\"read-more\" href=\"https:\/\/blogg.improveme.se\/linkovic\/2012\/08\/29\/dag-24-rockbjornen\/\" aria-label=\"L\u00e4s mer om Dag 24 &#8211; Rockbj\u00f6rnen\">L\u00e4s mer<\/a><\/p>\n","protected":false},"author":3142,"featured_media":0,"comment_status":"open","ping_status":"open","sticky":false,"template":"","format":"standard","meta":{"footnotes":""},"categories":[3],"tags":[],"class_list":["post-172","post","type-post","status-publish","format-standard","hentry","category-livsstil-halsa"],"_links":{"self":[{"href":"https:\/\/blogg.improveme.se\/linkovic\/wp-json\/wp\/v2\/posts\/172","targetHints":{"allow":["GET"]}}],"collection":[{"href":"https:\/\/blogg.improveme.se\/linkovic\/wp-json\/wp\/v2\/posts"}],"about":[{"href":"https:\/\/blogg.improveme.se\/linkovic\/wp-json\/wp\/v2\/types\/post"}],"author":[{"embeddable":true,"href":"https:\/\/blogg.improveme.se\/linkovic\/wp-json\/wp\/v2\/users\/3142"}],"replies":[{"embeddable":true,"href":"https:\/\/blogg.improveme.se\/linkovic\/wp-json\/wp\/v2\/comments?post=172"}],"version-history":[{"count":0,"href":"https:\/\/blogg.improveme.se\/linkovic\/wp-json\/wp\/v2\/posts\/172\/revisions"}],"wp:attachment":[{"href":"https:\/\/blogg.improveme.se\/linkovic\/wp-json\/wp\/v2\/media?parent=172"}],"wp:term":[{"taxonomy":"category","embeddable":true,"href":"https:\/\/blogg.improveme.se\/linkovic\/wp-json\/wp\/v2\/categories?post=172"},{"taxonomy":"post_tag","embeddable":true,"href":"https:\/\/blogg.improveme.se\/linkovic\/wp-json\/wp\/v2\/tags?post=172"}],"curies":[{"name":"wp","href":"https:\/\/api.w.org\/{rel}","templated":true}]}}