{"id":178,"date":"2012-08-30T22:53:54","date_gmt":"2012-08-30T21:53:54","guid":{"rendered":"http:\/\/blogg.improveme.se\/linkovic\/?p=178"},"modified":"2012-08-30T22:53:54","modified_gmt":"2012-08-30T21:53:54","slug":"dag-25-nummer-25-kommer-alltid-vara-gianfranco-zola-for-mig","status":"publish","type":"post","link":"https:\/\/blogg.improveme.se\/linkovic\/2012\/08\/30\/dag-25-nummer-25-kommer-alltid-vara-gianfranco-zola-for-mig\/","title":{"rendered":"Dag 25 &#8211; Nummer 25 kommer alltid vara Gianfranco Zola f\u00f6r mig!"},"content":{"rendered":"<p>Tjenixen!<\/p>\n<p>Det h\u00e4r har varit en v\u00e4ldigt speciell dag. Tv\u00e5 av mina v\u00e4nner har fyllt \u00e5r. Den ena 30. Det \u00e4r r\u00e4tt stort! Och gammalt :)Vi b\u00f6rjar bli vuxna nu och jag har fortfarande inte riktigt f\u00f6rst\u00e5tt det. Kommer nog aldrig riktigt g\u00f6ra det \ud83d\ude42<\/p>\n<p>Det st\u00f6rsta som har h\u00e4nt \u00e4r fantastiskt stort! Jag fick reda p\u00e5 att en av mina b\u00e4sta och \u00e4ldsta v\u00e4nner ska bli pappa \ud83d\ude42 Sv\u00e5rt att beskriva det, men det k\u00e4nns j\u00e4kligt h\u00e4ftigt! Jag har flera v\u00e4nner som har f\u00e5tt barn tidigare ,men det h\u00e4r k\u00e4nns annorlunda p\u00e5 n\u00e5got sett. K\u00e4nns n\u00e4stan som om jag sj\u00e4lv ska bli pappa&#8230; Han \u00e4r som en bror f\u00f6r mig. En m\u00e4nniska jag litar p\u00e5 till 1000% och kan dela allt med. \u00c4ven fast vi inte ses varje dag nu f\u00f6r tiden s\u00e5 vet vi alltid vart vi har varandra. Var vi panka n\u00e4r vi var yngre och han hade f\u00e5tt tag i 100 kronor s\u00e5 fick jag 50 av dom om jag beh\u00f6vde. M\u00e5nga sk\u00f6na barndomsminnen kommer upp i huvudet och nu ska han pl\u00f6tsligt bli pappa \ud83d\ude42 Vi som var sm\u00e5 skitungar har blivit vuxna nu! Och han kommer bli en riktigt bra pappa, det \u00e4r jag s\u00e4ker p\u00e5.<\/p>\n<div>Jag st\u00e4nger \u00f6gonen den h\u00e4r kv\u00e4llen med ett leende p\u00e5 l\u00e4pparna. God natt!<\/p>\n<p>\/Link<\/p><\/div>\n<div><\/div>\n<div>\n<figure id=\"attachment_180\" aria-describedby=\"caption-attachment-180\" style=\"width: 290px\" class=\"wp-caption aligncenter\"><a href=\"http:\/\/blogg.improveme.se\/linkovic\/files\/2012\/08\/Rocky1.jpg\"><img loading=\"lazy\" decoding=\"async\" class=\"size-medium wp-image-180\" src=\"http:\/\/blogg.improveme.se\/linkovic\/files\/2012\/08\/Rocky1-300x300.jpg\" alt=\"\" width=\"300\" height=\"300\" srcset=\"https:\/\/blogg.improveme.se\/linkovic\/files\/2012\/08\/Rocky1-300x300.jpg 300w, https:\/\/blogg.improveme.se\/linkovic\/files\/2012\/08\/Rocky1-150x150.jpg 150w, https:\/\/blogg.improveme.se\/linkovic\/files\/2012\/08\/Rocky1-680x680.jpg 680w, https:\/\/blogg.improveme.se\/linkovic\/files\/2012\/08\/Rocky1.jpg 960w\" sizes=\"auto, (max-width: 300px) 100vw, 300px\" \/><\/a><figcaption id=\"caption-attachment-180\" class=\"wp-caption-text\">Word<\/figcaption><\/figure>\n<\/div>\n","protected":false},"excerpt":{"rendered":"<p>Tjenixen! Det h\u00e4r har varit en v\u00e4ldigt speciell dag. Tv\u00e5 av mina v\u00e4nner har fyllt \u00e5r. Den ena 30. Det \u00e4r r\u00e4tt stort! Och gammalt :)Vi b\u00f6rjar bli vuxna nu och jag har fortfarande inte riktigt f\u00f6rst\u00e5tt det. Kommer nog aldrig riktigt g\u00f6ra det \ud83d\ude42 Det st\u00f6rsta som har h\u00e4nt \u00e4r fantastiskt stort! Jag fick &#8230; <a title=\"Dag 25 &#8211; Nummer 25 kommer alltid vara Gianfranco Zola f\u00f6r mig!\" class=\"read-more\" href=\"https:\/\/blogg.improveme.se\/linkovic\/2012\/08\/30\/dag-25-nummer-25-kommer-alltid-vara-gianfranco-zola-for-mig\/\" aria-label=\"L\u00e4s mer om Dag 25 &#8211; Nummer 25 kommer alltid vara Gianfranco Zola f\u00f6r mig!\">L\u00e4s mer<\/a><\/p>\n","protected":false},"author":3142,"featured_media":0,"comment_status":"open","ping_status":"open","sticky":false,"template":"","format":"standard","meta":{"footnotes":""},"categories":[3],"tags":[],"class_list":["post-178","post","type-post","status-publish","format-standard","hentry","category-livsstil-halsa"],"_links":{"self":[{"href":"https:\/\/blogg.improveme.se\/linkovic\/wp-json\/wp\/v2\/posts\/178","targetHints":{"allow":["GET"]}}],"collection":[{"href":"https:\/\/blogg.improveme.se\/linkovic\/wp-json\/wp\/v2\/posts"}],"about":[{"href":"https:\/\/blogg.improveme.se\/linkovic\/wp-json\/wp\/v2\/types\/post"}],"author":[{"embeddable":true,"href":"https:\/\/blogg.improveme.se\/linkovic\/wp-json\/wp\/v2\/users\/3142"}],"replies":[{"embeddable":true,"href":"https:\/\/blogg.improveme.se\/linkovic\/wp-json\/wp\/v2\/comments?post=178"}],"version-history":[{"count":0,"href":"https:\/\/blogg.improveme.se\/linkovic\/wp-json\/wp\/v2\/posts\/178\/revisions"}],"wp:attachment":[{"href":"https:\/\/blogg.improveme.se\/linkovic\/wp-json\/wp\/v2\/media?parent=178"}],"wp:term":[{"taxonomy":"category","embeddable":true,"href":"https:\/\/blogg.improveme.se\/linkovic\/wp-json\/wp\/v2\/categories?post=178"},{"taxonomy":"post_tag","embeddable":true,"href":"https:\/\/blogg.improveme.se\/linkovic\/wp-json\/wp\/v2\/tags?post=178"}],"curies":[{"name":"wp","href":"https:\/\/api.w.org\/{rel}","templated":true}]}}