{"id":182,"date":"2012-09-02T19:20:48","date_gmt":"2012-09-02T18:20:48","guid":{"rendered":"http:\/\/blogg.improveme.se\/linkovic\/?p=182"},"modified":"2012-09-02T19:20:48","modified_gmt":"2012-09-02T18:20:48","slug":"dag-28-forkyld-och-javlig","status":"publish","type":"post","link":"https:\/\/blogg.improveme.se\/linkovic\/2012\/09\/02\/dag-28-forkyld-och-javlig\/","title":{"rendered":"Dag 28 &#8211; F\u00f6rkyld och j\u00e4vlig"},"content":{"rendered":"<p>Hej p\u00e5 er,<\/p>\n<p>Ledsen f\u00f6r att jag inte skrivit p\u00e5 tv\u00e5 hela dagar!<\/p>\n<p>Historien bakom det har att g\u00f6ra med att jag blev helt knockad av en f\u00f6rkylning i fredags. Blir s\u00e4llan sjuk men n\u00e4r jag blir det s\u00e5 brukar det sl\u00e5 ut mig ordentligt. Nu har det kanske inte riktigt vart s\u00e5 farligt men jag blev j\u00e4kligt f\u00f6rkyld. Vilket jag dessv\u00e4rre fortfarande \u00e4r. \u00c5kte hem efter jobbet i fredags och satte mig i duschen och drog ig\u00e5ng varmvattnet riktigt ordentligt. Satt kvar d\u00e4r ett bra tag med frossa medans Rille styrde upp middagen. Han \u00e4r f\u00f6r j\u00e4vla bra den mannen! Efter middagen s\u00e5 la jag mig p\u00e5 s\u00e4ngen och tv\u00e4rd\u00e4ckade.Vet inte vad klockan kan ha vart d\u00e5 men runt 20:00 kanske? Sen sov jag som en stock.<\/p>\n<p>P\u00e5 l\u00f6rdagen var det bara att stiga upp. Grejen \u00e4r den att vi har en &#8221;herrklubb&#8221; som tr\u00e4ffas tv\u00e5 g\u00e5nger per \u00e5r. Ett g\u00e4ng barndomspolare som startade ig\u00e5ng det h\u00e4r f\u00f6r ett par \u00e5r sedan f\u00f6r att vi skulle h\u00e5lla kontakten. Det blir ju l\u00e4tt s\u00e5 efter gymnasiet att man glider ifr\u00e5n varandra lite&#8230; \u00c4ven om man tycker om varandra s\u00e5 v\u00e4ljer alla olika v\u00e4gar i livet att vandra. Man f\u00e5r nya v\u00e4nner, man kanske bildar familj osv. Det h\u00e4rliga med den h\u00e4r herrklubben \u00e4r \u00e4nd\u00e5 att fast jag inte tr\u00e4ffar m\u00e5nga av dem speciellt ofta nu f\u00f6r tiden s\u00e5 \u00e4r det aldrig stelt d\u00e5 vi ses. Allt \u00e4r som det alltid har varit. Vi \u00e4r tio personer och varje g\u00e5ng \u00e4r det tv\u00e5 stycken som f\u00e5r uppgiften att styra upp dagen. Vi andra ska bara s\u00e4tta in en best\u00e4md summa p\u00e5 deras konto och s\u00e5 styr dom upp bitarna. En f\u00f6rkylning var liksom inte tillr\u00e4ckligt f\u00f6r att jag skulle hoppa \u00f6ver den h\u00e4r dagen! Dagen b\u00f6rjade med att vi hade en fotbollsmatch(5 mot 5 och 2 x 20 minuter). Mitt lag vann. S\u00e5 klart \ud83d\ude09 Efter det s\u00e5 satte vi oss i bilen och begav oss till Scandic hotell i Nyk\u00f6ping av alla st\u00e4llen. B\u00f6rjade d\u00e4r med att \u00e4ta en brunch och sen tog vi spa och relaxavdelningen i v\u00e5rt v\u00e5ld. J\u00e4kligt trevligt \u00e4ven fast varken bastu eller en varm bubbelpool \u00e4r optimalt d\u00e5 man sitter inne p\u00e5 en f\u00f6rkylning. Men det var v\u00e4rt att chansa lite. Vi gick sen ut och k\u00e4kade en kanonmiddag innan jag tackade f\u00f6r mig. Grabbarna gick vidare ut och hade(har jag h\u00f6rt i efterhand) en riktigt h\u00e5ll k\u00e4ften kv\u00e4ll i Nyk\u00f6ping. Dom kommer inte att gl\u00f6mmas bort i f\u00f6rsta taget. Sj\u00e4lv b\u00e4ddade jag ner mig i en riktigt h\u00e4rlig b\u00e4dd med en kopp te och American wedding p\u00e5 3:an. Inte alls dumt det heller. Strax d\u00e4refter somnade jag in&#8230;<\/p>\n<p>Idag har jag mest tagit det j\u00e4kligt lugnt. Har legat nerb\u00e4ddad i soffan, kedjesnusat och kollat andra s\u00e4songen av The Walking Dead. Och det blir nog inte s\u00e5 mycket mer \u00e4n s\u00e5 idag. Hoppas innerligt att jag k\u00e4nner mig b\u00e4ttre imorgon d\u00e5 jag verkligen inte har tid att vara sjuk just nu! Bara att g\u00f6ra det italienska korset med fingrarna och hoppas p\u00e5 h\u00f6gre makter.<\/p>\n<p>Hoppas ni alla har haft en h\u00e4rlig helg &lt;3<\/p>\n<p>\/ Link<\/p>\n<figure id=\"attachment_183\" aria-describedby=\"caption-attachment-183\" style=\"width: 290px\" class=\"wp-caption aligncenter\"><a href=\"http:\/\/blogg.improveme.se\/linkovic\/files\/2012\/09\/Dag-28.jpg\"><img loading=\"lazy\" decoding=\"async\" class=\"size-medium wp-image-183\" src=\"http:\/\/blogg.improveme.se\/linkovic\/files\/2012\/09\/Dag-28-300x223.jpg\" alt=\"\" width=\"300\" height=\"223\" srcset=\"https:\/\/blogg.improveme.se\/linkovic\/files\/2012\/09\/Dag-28-300x223.jpg 300w, https:\/\/blogg.improveme.se\/linkovic\/files\/2012\/09\/Dag-28-680x507.jpg 680w, https:\/\/blogg.improveme.se\/linkovic\/files\/2012\/09\/Dag-28.jpg 960w\" sizes=\"auto, (max-width: 300px) 100vw, 300px\" \/><\/a><figcaption id=\"caption-attachment-183\" class=\"wp-caption-text\">Dag 28<\/figcaption><\/figure>\n<p>&nbsp;<\/p>\n<p>&nbsp;<\/p>\n<p>&nbsp;<\/p>\n<p>&nbsp;<\/p>\n","protected":false},"excerpt":{"rendered":"<p>Hej p\u00e5 er, Ledsen f\u00f6r att jag inte skrivit p\u00e5 tv\u00e5 hela dagar! Historien bakom det har att g\u00f6ra med att jag blev helt knockad av en f\u00f6rkylning i fredags. Blir s\u00e4llan sjuk men n\u00e4r jag blir det s\u00e5 brukar det sl\u00e5 ut mig ordentligt. Nu har det kanske inte riktigt vart s\u00e5 farligt men &#8230; <a title=\"Dag 28 &#8211; F\u00f6rkyld och j\u00e4vlig\" class=\"read-more\" href=\"https:\/\/blogg.improveme.se\/linkovic\/2012\/09\/02\/dag-28-forkyld-och-javlig\/\" aria-label=\"L\u00e4s mer om Dag 28 &#8211; F\u00f6rkyld och j\u00e4vlig\">L\u00e4s mer<\/a><\/p>\n","protected":false},"author":3142,"featured_media":0,"comment_status":"open","ping_status":"open","sticky":false,"template":"","format":"standard","meta":{"footnotes":""},"categories":[3],"tags":[],"class_list":["post-182","post","type-post","status-publish","format-standard","hentry","category-livsstil-halsa"],"_links":{"self":[{"href":"https:\/\/blogg.improveme.se\/linkovic\/wp-json\/wp\/v2\/posts\/182","targetHints":{"allow":["GET"]}}],"collection":[{"href":"https:\/\/blogg.improveme.se\/linkovic\/wp-json\/wp\/v2\/posts"}],"about":[{"href":"https:\/\/blogg.improveme.se\/linkovic\/wp-json\/wp\/v2\/types\/post"}],"author":[{"embeddable":true,"href":"https:\/\/blogg.improveme.se\/linkovic\/wp-json\/wp\/v2\/users\/3142"}],"replies":[{"embeddable":true,"href":"https:\/\/blogg.improveme.se\/linkovic\/wp-json\/wp\/v2\/comments?post=182"}],"version-history":[{"count":0,"href":"https:\/\/blogg.improveme.se\/linkovic\/wp-json\/wp\/v2\/posts\/182\/revisions"}],"wp:attachment":[{"href":"https:\/\/blogg.improveme.se\/linkovic\/wp-json\/wp\/v2\/media?parent=182"}],"wp:term":[{"taxonomy":"category","embeddable":true,"href":"https:\/\/blogg.improveme.se\/linkovic\/wp-json\/wp\/v2\/categories?post=182"},{"taxonomy":"post_tag","embeddable":true,"href":"https:\/\/blogg.improveme.se\/linkovic\/wp-json\/wp\/v2\/tags?post=182"}],"curies":[{"name":"wp","href":"https:\/\/api.w.org\/{rel}","templated":true}]}}