{"id":188,"date":"2012-09-03T19:49:04","date_gmt":"2012-09-03T18:49:04","guid":{"rendered":"http:\/\/blogg.improveme.se\/linkovic\/?p=188"},"modified":"2012-09-03T19:49:04","modified_gmt":"2012-09-03T18:49:04","slug":"dag-29","status":"publish","type":"post","link":"https:\/\/blogg.improveme.se\/linkovic\/2012\/09\/03\/dag-29\/","title":{"rendered":"Dag 29 &#8211;"},"content":{"rendered":"<p>Tjena!<\/p>\n<p>Fortfarande sjuk&#8230; Sjukt trist. Jag \u00e4r en m\u00e4nniska som t\u00e4nker lite f\u00f6r mycket. \u00d6veranalyserar saker. Ofta helt fel saker dessutom. Att ligga hemma ensam ger mig m\u00f6jlighet att nyttja den egenskapen. Och det har jag verkligen gjort. F\u00f6rutom att t\u00e4nka s\u00e5 har jag f\u00f6rs\u00f6kt f\u00e5 i mig s\u00e5 mycket vitaminer och nyttigheter som det bara g\u00e5r f\u00f6r att bli mitt friska h\u00e4rliga jag igen \ud83d\ude42 Sen har jag sett f\u00e4rdigt s\u00e4song 2 av &#8221;The Walking Dead&#8221;. En riktigt bra serie jag verkligen kan rekommendera. Och d\u00e5 \u00e4r jag normalt verkligen inget fan av zombie filmer eller spel. Jag kan dock inte rekommendera att se den samtidigt som du \u00e4ter lunch som jag gjorde idag&#8230;<\/p>\n<p>Lite fotbollssnack: F\u00f6rst Essien och nu Meireles!!? Vad fan h\u00e5ller Di Matteo p\u00e5 med?? K\u00e4nns lite som n\u00e4r Real Madrid k\u00f6pte David Beckham och gjorde sig av med Makelele&#8230; Hoppas han har n\u00e5gon bra genialisk plan med det h\u00e4r som jag absolut inte kan se just nu. Essien har haft en del skador senaste s\u00e4songerna men skadefri och i form \u00e4r han enligt mig en av v\u00e4rldens b\u00e4sta defensiva mittf\u00e4ltare. Meireles hade precis b\u00f6rjat komma in i laget p\u00e5 allvar. Mot Newcastle senast var han en av de b\u00e4sta p\u00e5 plan. Trisst.<\/p>\n<p>Annars saknar jag en av v\u00e4rldens h\u00e4rligaste m\u00e4nniskor som flyttade till USA f\u00f6r ett tag sen! Hade beh\u00f6vt hennes positiva energi den h\u00e4r kommande h\u00f6sten&#8230; Ingen m\u00f6rk chockad, ljusterapi eller liknande kommer att kunna ers\u00e4tta henne. Tyv\u00e4rr.<\/p>\n<p>Nu ska jag krya p\u00e5 mig. Ha det b\u00e4st &lt;3<\/p>\n<p>\/ Link<\/p>\n<figure id=\"attachment_189\" aria-describedby=\"caption-attachment-189\" style=\"width: 290px\" class=\"wp-caption aligncenter\"><a href=\"http:\/\/blogg.improveme.se\/linkovic\/files\/2012\/09\/the-walking-dead.jpg\"><img loading=\"lazy\" decoding=\"async\" class=\"size-medium wp-image-189\" src=\"http:\/\/blogg.improveme.se\/linkovic\/files\/2012\/09\/the-walking-dead-300x221.jpg\" alt=\"\" width=\"300\" height=\"221\" srcset=\"https:\/\/blogg.improveme.se\/linkovic\/files\/2012\/09\/the-walking-dead-300x221.jpg 300w, https:\/\/blogg.improveme.se\/linkovic\/files\/2012\/09\/the-walking-dead.jpg 540w\" sizes=\"auto, (max-width: 300px) 100vw, 300px\" \/><\/a><figcaption id=\"caption-attachment-189\" class=\"wp-caption-text\">Inte till maten som sagt...<\/figcaption><\/figure>\n<p>&nbsp;<\/p>\n","protected":false},"excerpt":{"rendered":"<p>Tjena! Fortfarande sjuk&#8230; Sjukt trist. Jag \u00e4r en m\u00e4nniska som t\u00e4nker lite f\u00f6r mycket. \u00d6veranalyserar saker. Ofta helt fel saker dessutom. Att ligga hemma ensam ger mig m\u00f6jlighet att nyttja den egenskapen. Och det har jag verkligen gjort. F\u00f6rutom att t\u00e4nka s\u00e5 har jag f\u00f6rs\u00f6kt f\u00e5 i mig s\u00e5 mycket vitaminer och nyttigheter som det &#8230; <a title=\"Dag 29 &#8211;\" class=\"read-more\" href=\"https:\/\/blogg.improveme.se\/linkovic\/2012\/09\/03\/dag-29\/\" aria-label=\"L\u00e4s mer om Dag 29 &#8211;\">L\u00e4s mer<\/a><\/p>\n","protected":false},"author":3142,"featured_media":0,"comment_status":"open","ping_status":"open","sticky":false,"template":"","format":"standard","meta":{"footnotes":""},"categories":[3],"tags":[],"class_list":["post-188","post","type-post","status-publish","format-standard","hentry","category-livsstil-halsa"],"_links":{"self":[{"href":"https:\/\/blogg.improveme.se\/linkovic\/wp-json\/wp\/v2\/posts\/188","targetHints":{"allow":["GET"]}}],"collection":[{"href":"https:\/\/blogg.improveme.se\/linkovic\/wp-json\/wp\/v2\/posts"}],"about":[{"href":"https:\/\/blogg.improveme.se\/linkovic\/wp-json\/wp\/v2\/types\/post"}],"author":[{"embeddable":true,"href":"https:\/\/blogg.improveme.se\/linkovic\/wp-json\/wp\/v2\/users\/3142"}],"replies":[{"embeddable":true,"href":"https:\/\/blogg.improveme.se\/linkovic\/wp-json\/wp\/v2\/comments?post=188"}],"version-history":[{"count":0,"href":"https:\/\/blogg.improveme.se\/linkovic\/wp-json\/wp\/v2\/posts\/188\/revisions"}],"wp:attachment":[{"href":"https:\/\/blogg.improveme.se\/linkovic\/wp-json\/wp\/v2\/media?parent=188"}],"wp:term":[{"taxonomy":"category","embeddable":true,"href":"https:\/\/blogg.improveme.se\/linkovic\/wp-json\/wp\/v2\/categories?post=188"},{"taxonomy":"post_tag","embeddable":true,"href":"https:\/\/blogg.improveme.se\/linkovic\/wp-json\/wp\/v2\/tags?post=188"}],"curies":[{"name":"wp","href":"https:\/\/api.w.org\/{rel}","templated":true}]}}