{"id":225,"date":"2012-09-11T20:40:24","date_gmt":"2012-09-11T19:40:24","guid":{"rendered":"http:\/\/blogg.improveme.se\/linkovic\/?p=225"},"modified":"2012-09-11T20:40:24","modified_gmt":"2012-09-11T19:40:24","slug":"dag-36-testade-antligen-pa-yoga","status":"publish","type":"post","link":"https:\/\/blogg.improveme.se\/linkovic\/2012\/09\/11\/dag-36-testade-antligen-pa-yoga\/","title":{"rendered":"Dag 36 &#8211; Testade \u00e4ntligen p\u00e5 yoga!"},"content":{"rendered":"<p>Hej hej hall\u00e5,<\/p>\n<p>Nu har jag genomf\u00f6rt mitt f\u00f6rsta yoga-pass!!<\/p>\n<p>Det k\u00e4ndes j\u00e4kligt bra, \u00e4ven om hon som h\u00f6ll passet ibland flummade iv\u00e4g lite v\u00e4l mycket&#8230; Hade sjukt sv\u00e5rt att h\u00e5lla mig f\u00f6r skratt emellan\u00e5t \ud83d\ude42 Och jag var precis som v\u00e4ntat j\u00e4vligt osmidig, men just d\u00e4rf\u00f6r tror jag att det \u00e4r riktigt nyttigt att forts\u00e4tta med det h\u00e4r p\u00e5 tisdagar. \u00c4ven koordinationsf\u00f6rm\u00e5ga svek en aning men vafan, det blir b\u00e4ttre \ud83d\ude09\u00a0Skulle egentligen ha tagit lite bilder men det blev tyv\u00e4rr aldrig s\u00e5. Men kommer ju forts\u00e4tta s\u00e5 det kommer l\u00e4ngre fram.<\/p>\n<p>Kom upp i tid och k\u00f6rde promenaden imorse och har haft en bra k\u00e4nsla inombords hela dagen. Kammade in en komplimang fr\u00e5n en gammal v\u00e4n jag inte tr\u00e4ffat sen i somras \ud83d\ude42 Han tyckte att det syntes tydligt att jag g\u00e5tt ner i vikt sen sist, och \u00e4ven om han sa det f\u00f6r att va sn\u00e4ll s\u00e5 valde jag att ta \u00e5t mig och bli glad! Det \u00e4r ocks\u00e5 j\u00e4kligt positivt f\u00f6r att vara mig! I vanliga fall d\u00e5 jag f\u00e5r komplimanger s\u00e5 v\u00e4ljer jag att l\u00e5ta det rinna av och inte ta det \u00e5t mig.<\/p>\n<p>Den h\u00e4r resan f\u00e5r mig verkligen att m\u00e5 bra och jag kan verkligen rekommendera er alla som l\u00e4ser detta och funderar i mina banor att ge det ett \u00e4rligt f\u00f6rs\u00f6k. Kan jag klara det s\u00e5 kan fan i mig alla fixa det \ud83d\ude42<\/p>\n<p>Ha det b\u00e4st &lt;3<\/p>\n<figure id=\"attachment_226\" aria-describedby=\"caption-attachment-226\" style=\"width: 290px\" class=\"wp-caption aligncenter\"><a href=\"http:\/\/blogg.improveme.se\/linkovic\/files\/2012\/09\/Dag-36.jpg\"><img loading=\"lazy\" decoding=\"async\" class=\"size-medium wp-image-226\" src=\"http:\/\/blogg.improveme.se\/linkovic\/files\/2012\/09\/Dag-36-300x300.jpg\" alt=\"\" width=\"300\" height=\"300\" srcset=\"https:\/\/blogg.improveme.se\/linkovic\/files\/2012\/09\/Dag-36-300x300.jpg 300w, https:\/\/blogg.improveme.se\/linkovic\/files\/2012\/09\/Dag-36-150x150.jpg 150w, https:\/\/blogg.improveme.se\/linkovic\/files\/2012\/09\/Dag-36-680x680.jpg 680w, https:\/\/blogg.improveme.se\/linkovic\/files\/2012\/09\/Dag-36.jpg 960w\" sizes=\"auto, (max-width: 300px) 100vw, 300px\" \/><\/a><figcaption id=\"caption-attachment-226\" class=\"wp-caption-text\">Dag 36 - proppm\u00e4tt och svullen...<\/figcaption><\/figure>\n","protected":false},"excerpt":{"rendered":"<p>Hej hej hall\u00e5, Nu har jag genomf\u00f6rt mitt f\u00f6rsta yoga-pass!! Det k\u00e4ndes j\u00e4kligt bra, \u00e4ven om hon som h\u00f6ll passet ibland flummade iv\u00e4g lite v\u00e4l mycket&#8230; Hade sjukt sv\u00e5rt att h\u00e5lla mig f\u00f6r skratt emellan\u00e5t \ud83d\ude42 Och jag var precis som v\u00e4ntat j\u00e4vligt osmidig, men just d\u00e4rf\u00f6r tror jag att det \u00e4r riktigt nyttigt att &#8230; <a title=\"Dag 36 &#8211; Testade \u00e4ntligen p\u00e5 yoga!\" class=\"read-more\" href=\"https:\/\/blogg.improveme.se\/linkovic\/2012\/09\/11\/dag-36-testade-antligen-pa-yoga\/\" aria-label=\"L\u00e4s mer om Dag 36 &#8211; Testade \u00e4ntligen p\u00e5 yoga!\">L\u00e4s mer<\/a><\/p>\n","protected":false},"author":3142,"featured_media":0,"comment_status":"open","ping_status":"open","sticky":false,"template":"","format":"standard","meta":{"footnotes":""},"categories":[3],"tags":[],"class_list":["post-225","post","type-post","status-publish","format-standard","hentry","category-livsstil-halsa"],"_links":{"self":[{"href":"https:\/\/blogg.improveme.se\/linkovic\/wp-json\/wp\/v2\/posts\/225","targetHints":{"allow":["GET"]}}],"collection":[{"href":"https:\/\/blogg.improveme.se\/linkovic\/wp-json\/wp\/v2\/posts"}],"about":[{"href":"https:\/\/blogg.improveme.se\/linkovic\/wp-json\/wp\/v2\/types\/post"}],"author":[{"embeddable":true,"href":"https:\/\/blogg.improveme.se\/linkovic\/wp-json\/wp\/v2\/users\/3142"}],"replies":[{"embeddable":true,"href":"https:\/\/blogg.improveme.se\/linkovic\/wp-json\/wp\/v2\/comments?post=225"}],"version-history":[{"count":0,"href":"https:\/\/blogg.improveme.se\/linkovic\/wp-json\/wp\/v2\/posts\/225\/revisions"}],"wp:attachment":[{"href":"https:\/\/blogg.improveme.se\/linkovic\/wp-json\/wp\/v2\/media?parent=225"}],"wp:term":[{"taxonomy":"category","embeddable":true,"href":"https:\/\/blogg.improveme.se\/linkovic\/wp-json\/wp\/v2\/categories?post=225"},{"taxonomy":"post_tag","embeddable":true,"href":"https:\/\/blogg.improveme.se\/linkovic\/wp-json\/wp\/v2\/tags?post=225"}],"curies":[{"name":"wp","href":"https:\/\/api.w.org\/{rel}","templated":true}]}}