{"id":235,"date":"2012-09-16T20:38:27","date_gmt":"2012-09-16T19:38:27","guid":{"rendered":"http:\/\/blogg.improveme.se\/linkovic\/?p=235"},"modified":"2012-09-16T20:38:27","modified_gmt":"2012-09-16T19:38:27","slug":"dag-41-en-annorlunda-utgang","status":"publish","type":"post","link":"https:\/\/blogg.improveme.se\/linkovic\/2012\/09\/16\/dag-41-en-annorlunda-utgang\/","title":{"rendered":"Dag 41 &#8211; En annorlunda utg\u00e5ng."},"content":{"rendered":"<p>Hej p\u00e5 er,<\/p>\n<p>Jag har \u00e5terigen vart d\u00e5lig p\u00e5 att uppdatera er p\u00e5 bloggen. Jag f\u00e5r \u00e5terigen be om urs\u00e4kt f\u00f6r det.<\/p>\n<p>Jag m\u00e5ste l\u00e4ra mig att uppdatera via mobilen, men har inte riktigt satt mig in i hur jag g\u00f6r det \ud83d\ude42 Jag har haft en bra helg iallafall. I fredags s\u00e5 tog jag det riktigt lugnt hemma hos min k\u00e4re v\u00e4n Danne. Hyrde hem lite filmer och lagade god mat. Precis vad jag beh\u00f6vde k\u00e4nde jag! Ig\u00e5r s\u00e5 gick jag ut p\u00e5 en nattklubb f\u00f6r f\u00f6rsta g\u00e5ngen under hela den h\u00e4r tiden \ud83d\ude42 Det var annorlunda. Men jag hade \u00e4nd\u00e5 kul! Kanske mest sj\u00e4lva grejen att komma ut och se lite m\u00e4nniskor! St\u00e4llen d\u00e4r man m\u00e5ste tr\u00e4ngas g\u00e5r dock helt bort! Ska man ha kul nykter s\u00e5 m\u00e5ste det finnas lite ytor att r\u00f6ra sig p\u00e5. Sen \u00e4r det nog bara att acceptera att jag inte pallar fram till kl tre. N\u00e4r klockan blev runt ett s\u00e5 k\u00e4nde jag mig j\u00e4kligt n\u00f6jd och klar f\u00f6r hemg\u00e5ng \ud83d\ude42 Det blir helt enkelt v\u00e4ldigt onaturligt att st\u00e5 och dansa helt nykter till j\u00e4tteh\u00f6g musik, bland m\u00e4nniskor som skriker d\u00e5 dom pratar l\u00e5ngt in p\u00e5 sm\u00e5timmarna. Iallafall f\u00f6r mig men det d\u00e4r \u00e4r s\u00e4kert j\u00e4tteolika \ud83d\ude42<\/p>\n<p>Tr\u00e4ningen g\u00e5r bara b\u00e4ttre och b\u00e4ttre och det k\u00e4nns nu som en helt naturlig del av mitt liv. Har n\u00e4stan blivit lite av ett beroende och det k\u00e4nns j\u00e4vligt bra!! \ud83d\ude00 St\u00e4llde mig p\u00e5 v\u00e5gen ig\u00e5r och v\u00e4gde 87 kg. Jag har med andra ord g\u00e5tt ner 6,5 kg. 7 kg kvar till 80 och det ska inte vara n\u00e5gra konstigheter.<\/p>\n<p>Ikv\u00e4ll har jag vart p\u00e5 bio och sett The Bourne Legacy. B\u00e4ttre sent \u00e4n aldrig \ud83d\ude42 Tyckte den var riktigt bra! En sk\u00f6n actionrulle som s\u00e4kert l\u00e4r f\u00e5 ytterligare n\u00e5gra uppf\u00f6ljare&#8230;<\/p>\n<p>Detta var v\u00e4ldigt kort om helgen. Inte s\u00e5 personligt men en liten update \ud83d\ude42<\/p>\n<p>Ha en trevlig kv\u00e4ll &lt;3<\/p>\n<p>\/ Link<\/p>\n<figure id=\"attachment_236\" aria-describedby=\"caption-attachment-236\" style=\"width: 195px\" class=\"wp-caption aligncenter\"><a href=\"http:\/\/blogg.improveme.se\/linkovic\/files\/2012\/09\/The-Bourne-Legacy.jpg\"><img loading=\"lazy\" decoding=\"async\" class=\"size-medium wp-image-236\" src=\"http:\/\/blogg.improveme.se\/linkovic\/files\/2012\/09\/The-Bourne-Legacy-205x300.jpg\" alt=\"\" width=\"205\" height=\"300\" srcset=\"https:\/\/blogg.improveme.se\/linkovic\/files\/2012\/09\/The-Bourne-Legacy-205x300.jpg 205w, https:\/\/blogg.improveme.se\/linkovic\/files\/2012\/09\/The-Bourne-Legacy.jpg 418w\" sizes=\"auto, (max-width: 205px) 100vw, 205px\" \/><\/a><figcaption id=\"caption-attachment-236\" class=\"wp-caption-text\">S\u00f6ndagsbio - F\u00f6r j\u00e4vla mysigt<\/figcaption><\/figure>\n<p>&nbsp;<\/p>\n","protected":false},"excerpt":{"rendered":"<p>Hej p\u00e5 er, Jag har \u00e5terigen vart d\u00e5lig p\u00e5 att uppdatera er p\u00e5 bloggen. Jag f\u00e5r \u00e5terigen be om urs\u00e4kt f\u00f6r det. Jag m\u00e5ste l\u00e4ra mig att uppdatera via mobilen, men har inte riktigt satt mig in i hur jag g\u00f6r det \ud83d\ude42 Jag har haft en bra helg iallafall. I fredags s\u00e5 tog jag &#8230; <a title=\"Dag 41 &#8211; En annorlunda utg\u00e5ng.\" class=\"read-more\" href=\"https:\/\/blogg.improveme.se\/linkovic\/2012\/09\/16\/dag-41-en-annorlunda-utgang\/\" aria-label=\"L\u00e4s mer om Dag 41 &#8211; En annorlunda utg\u00e5ng.\">L\u00e4s mer<\/a><\/p>\n","protected":false},"author":3142,"featured_media":0,"comment_status":"open","ping_status":"open","sticky":false,"template":"","format":"standard","meta":{"footnotes":""},"categories":[3],"tags":[],"class_list":["post-235","post","type-post","status-publish","format-standard","hentry","category-livsstil-halsa"],"_links":{"self":[{"href":"https:\/\/blogg.improveme.se\/linkovic\/wp-json\/wp\/v2\/posts\/235","targetHints":{"allow":["GET"]}}],"collection":[{"href":"https:\/\/blogg.improveme.se\/linkovic\/wp-json\/wp\/v2\/posts"}],"about":[{"href":"https:\/\/blogg.improveme.se\/linkovic\/wp-json\/wp\/v2\/types\/post"}],"author":[{"embeddable":true,"href":"https:\/\/blogg.improveme.se\/linkovic\/wp-json\/wp\/v2\/users\/3142"}],"replies":[{"embeddable":true,"href":"https:\/\/blogg.improveme.se\/linkovic\/wp-json\/wp\/v2\/comments?post=235"}],"version-history":[{"count":0,"href":"https:\/\/blogg.improveme.se\/linkovic\/wp-json\/wp\/v2\/posts\/235\/revisions"}],"wp:attachment":[{"href":"https:\/\/blogg.improveme.se\/linkovic\/wp-json\/wp\/v2\/media?parent=235"}],"wp:term":[{"taxonomy":"category","embeddable":true,"href":"https:\/\/blogg.improveme.se\/linkovic\/wp-json\/wp\/v2\/categories?post=235"},{"taxonomy":"post_tag","embeddable":true,"href":"https:\/\/blogg.improveme.se\/linkovic\/wp-json\/wp\/v2\/tags?post=235"}],"curies":[{"name":"wp","href":"https:\/\/api.w.org\/{rel}","templated":true}]}}