{"id":239,"date":"2012-09-17T19:51:42","date_gmt":"2012-09-17T18:51:42","guid":{"rendered":"http:\/\/blogg.improveme.se\/linkovic\/?p=239"},"modified":"2012-09-17T19:51:42","modified_gmt":"2012-09-17T18:51:42","slug":"dag-42-im-winning","status":"publish","type":"post","link":"https:\/\/blogg.improveme.se\/linkovic\/2012\/09\/17\/dag-42-im-winning\/","title":{"rendered":"Dag 42 &#8211; I&#8217;m winning!"},"content":{"rendered":"<p>Hej p\u00e5 er,<\/p>\n<p>Ny vecka, nya m\u00f6jligheter!<\/p>\n<p>Sitter nu hemma helt f\u00e4rdig framf\u00f6r tv&#8217;n. Har haft en bra dag b\u00e5de jobb och tr\u00e4ningsm\u00e4ssigt. K\u00e4nner att jag f\u00f6r b\u00e4ttre och b\u00e4ttre pass nu hela tiden och det \u00e4r j\u00e4kligt kul! Beh\u00f6ver heller inte tvinga mig sj\u00e4lv till gymmet, utan det k\u00e4nns bara sj\u00e4lvklart och v\u00e4ldigt naturligt. B\u00f6rjar \u00e4ven tycka mig se lite resultat i spegeln \u00e4ven om jag har d\u00e5ligt t\u00e5lamod och vill att det ska synas \u00e4nnu mer och g\u00e5 \u00e4nnu snabbare!! \ud83d\ude42<br \/>\nD\u00e4remot har nog tyv\u00e4rr mitt privatliv blivit lite lidande. Jag fokuserar sjukt mycket tr\u00e4ning, kost och jobb just nu och har inte riktigt tid eller ork f\u00f6r n\u00e5got annat. Ibland kan det k\u00e4nnas lite ensamt och deppigt men det \u00e4r samtidigt n\u00e5got som jag verkligen valt helt sj\u00e4lv. En konstig k\u00e4nsla. <\/p>\n<p>Nu ska jag hoppa in i en \u00f6verdrivet l\u00e5ng dusch. Ha en underbar vecka!<\/p>\n<p>\/ Link<\/p>\n<p><a href=\"http:\/\/blogg.improveme.se\/linkovic\/files\/2012\/09\/20120917-205110.jpg\"><img decoding=\"async\" src=\"http:\/\/blogg.improveme.se\/linkovic\/files\/2012\/09\/20120917-205110.jpg\" alt=\"20120917-205110.jpg\" class=\"alignnone size-full\" \/><\/a><\/p>\n","protected":false},"excerpt":{"rendered":"<p>Hej p\u00e5 er, Ny vecka, nya m\u00f6jligheter! Sitter nu hemma helt f\u00e4rdig framf\u00f6r tv&#8217;n. Har haft en bra dag b\u00e5de jobb och tr\u00e4ningsm\u00e4ssigt. K\u00e4nner att jag f\u00f6r b\u00e4ttre och b\u00e4ttre pass nu hela tiden och det \u00e4r j\u00e4kligt kul! Beh\u00f6ver heller inte tvinga mig sj\u00e4lv till gymmet, utan det k\u00e4nns bara sj\u00e4lvklart och v\u00e4ldigt naturligt. &#8230; <a title=\"Dag 42 &#8211; I&#8217;m winning!\" class=\"read-more\" href=\"https:\/\/blogg.improveme.se\/linkovic\/2012\/09\/17\/dag-42-im-winning\/\" aria-label=\"L\u00e4s mer om Dag 42 &#8211; I&#8217;m winning!\">L\u00e4s mer<\/a><\/p>\n","protected":false},"author":3142,"featured_media":0,"comment_status":"open","ping_status":"open","sticky":false,"template":"","format":"standard","meta":{"footnotes":""},"categories":[3],"tags":[],"class_list":["post-239","post","type-post","status-publish","format-standard","hentry","category-livsstil-halsa"],"_links":{"self":[{"href":"https:\/\/blogg.improveme.se\/linkovic\/wp-json\/wp\/v2\/posts\/239","targetHints":{"allow":["GET"]}}],"collection":[{"href":"https:\/\/blogg.improveme.se\/linkovic\/wp-json\/wp\/v2\/posts"}],"about":[{"href":"https:\/\/blogg.improveme.se\/linkovic\/wp-json\/wp\/v2\/types\/post"}],"author":[{"embeddable":true,"href":"https:\/\/blogg.improveme.se\/linkovic\/wp-json\/wp\/v2\/users\/3142"}],"replies":[{"embeddable":true,"href":"https:\/\/blogg.improveme.se\/linkovic\/wp-json\/wp\/v2\/comments?post=239"}],"version-history":[{"count":0,"href":"https:\/\/blogg.improveme.se\/linkovic\/wp-json\/wp\/v2\/posts\/239\/revisions"}],"wp:attachment":[{"href":"https:\/\/blogg.improveme.se\/linkovic\/wp-json\/wp\/v2\/media?parent=239"}],"wp:term":[{"taxonomy":"category","embeddable":true,"href":"https:\/\/blogg.improveme.se\/linkovic\/wp-json\/wp\/v2\/categories?post=239"},{"taxonomy":"post_tag","embeddable":true,"href":"https:\/\/blogg.improveme.se\/linkovic\/wp-json\/wp\/v2\/tags?post=239"}],"curies":[{"name":"wp","href":"https:\/\/api.w.org\/{rel}","templated":true}]}}