{"id":271,"date":"2012-09-24T19:27:00","date_gmt":"2012-09-24T18:27:00","guid":{"rendered":"http:\/\/blogg.improveme.se\/linkovic\/?p=271"},"modified":"2012-09-24T19:27:00","modified_gmt":"2012-09-24T18:27:00","slug":"dag-49-antligen-mandag","status":"publish","type":"post","link":"https:\/\/blogg.improveme.se\/linkovic\/2012\/09\/24\/dag-49-antligen-mandag\/","title":{"rendered":"Dag 49 &#8211; \u00c4ntligen m\u00e5ndag!"},"content":{"rendered":"<p>God afton k\u00e4ra l\u00e4sare!<\/p>\n<p>M\u00e5ndag och ny vecka. Riktigt obehagligt n\u00e4r larmet ringde imorse! Allt i mig ville ligga kvar och somna om. I vanliga fall s\u00e5 brukar f\u00f6rsta 5-10 minuterna p\u00e5 l\u00f6pbandet vara jobbiga, sen kommer man in i det. Idag kom jag aldrig in i det. Varje j\u00e4kla steg k\u00e4ndes. Men det k\u00e4ndes sk\u00f6nt efter\u00e5t och d\u00e5 \u00e4r det s\u00e5 v\u00e4rt det \ud83d\ude42 <\/p>\n<p>Alltid kul att surra med polarna som vart ute under helgen p\u00e5 m\u00e5ndagarna nu n\u00e4r jag inte \u00e4r med hela v\u00e4gen l\u00e4ngre! Vi \u00e4r nog lite tjejiga i v\u00e5rt g\u00e4ng p\u00e5 det s\u00e4ttet. Vi m\u00e5ste alltid ha en update om vad som har h\u00e4nt fr\u00e5n varandra \ud83d\ude42<br \/>\n\u00c4ven om det \u00e4r j\u00e4kligt sk\u00f6nt att inte vara bakis s\u00e5 \u00e4r det \u00e4nd\u00e5 lite tr\u00e5kigt att jag inte \u00e4r med p\u00e5 helgerna lika mycket l\u00e4ngre. Det hade nog vart l\u00e4ttare att k\u00f6ra det h\u00e4r projektet om jag haft ett f\u00f6rh\u00e5llande. Polarna \u00e4r ju min familj nu och d\u00e5 blir det lite ensamt att inte vara med dom. Klart jag kan vara med \u00e4nd\u00e5, men det blir ju inte samma sak. Som i fredags n\u00e4r jag var med ute s\u00e5 var jag ju helt f\u00e4rdig vid kl 01:30! Musiken k\u00e4ndes f\u00f6r h\u00f6g och utrymmena f\u00f6r tr\u00e5nga. Jag kommer nog aldrig uppskatta att vara ute nykter. Alla \u00e4r vi olika men det \u00e4r helt enkelt inte min grej.<\/p>\n<p>Ha en trevlig kv\u00e4ll!<\/p>\n<p>\/ Link<\/p>\n<p><a href=\"http:\/\/blogg.improveme.se\/linkovic\/files\/2012\/09\/20120924-202529.jpg\"><img decoding=\"async\" src=\"http:\/\/blogg.improveme.se\/linkovic\/files\/2012\/09\/20120924-202529.jpg\" alt=\"20120924-202529.jpg\" class=\"alignnone size-full\" \/><\/a><\/p>\n","protected":false},"excerpt":{"rendered":"<p>God afton k\u00e4ra l\u00e4sare! M\u00e5ndag och ny vecka. Riktigt obehagligt n\u00e4r larmet ringde imorse! Allt i mig ville ligga kvar och somna om. I vanliga fall s\u00e5 brukar f\u00f6rsta 5-10 minuterna p\u00e5 l\u00f6pbandet vara jobbiga, sen kommer man in i det. Idag kom jag aldrig in i det. Varje j\u00e4kla steg k\u00e4ndes. Men det k\u00e4ndes &#8230; <a title=\"Dag 49 &#8211; \u00c4ntligen m\u00e5ndag!\" class=\"read-more\" href=\"https:\/\/blogg.improveme.se\/linkovic\/2012\/09\/24\/dag-49-antligen-mandag\/\" aria-label=\"L\u00e4s mer om Dag 49 &#8211; \u00c4ntligen m\u00e5ndag!\">L\u00e4s mer<\/a><\/p>\n","protected":false},"author":3142,"featured_media":0,"comment_status":"open","ping_status":"open","sticky":false,"template":"","format":"standard","meta":{"footnotes":""},"categories":[3],"tags":[],"class_list":["post-271","post","type-post","status-publish","format-standard","hentry","category-livsstil-halsa"],"_links":{"self":[{"href":"https:\/\/blogg.improveme.se\/linkovic\/wp-json\/wp\/v2\/posts\/271","targetHints":{"allow":["GET"]}}],"collection":[{"href":"https:\/\/blogg.improveme.se\/linkovic\/wp-json\/wp\/v2\/posts"}],"about":[{"href":"https:\/\/blogg.improveme.se\/linkovic\/wp-json\/wp\/v2\/types\/post"}],"author":[{"embeddable":true,"href":"https:\/\/blogg.improveme.se\/linkovic\/wp-json\/wp\/v2\/users\/3142"}],"replies":[{"embeddable":true,"href":"https:\/\/blogg.improveme.se\/linkovic\/wp-json\/wp\/v2\/comments?post=271"}],"version-history":[{"count":0,"href":"https:\/\/blogg.improveme.se\/linkovic\/wp-json\/wp\/v2\/posts\/271\/revisions"}],"wp:attachment":[{"href":"https:\/\/blogg.improveme.se\/linkovic\/wp-json\/wp\/v2\/media?parent=271"}],"wp:term":[{"taxonomy":"category","embeddable":true,"href":"https:\/\/blogg.improveme.se\/linkovic\/wp-json\/wp\/v2\/categories?post=271"},{"taxonomy":"post_tag","embeddable":true,"href":"https:\/\/blogg.improveme.se\/linkovic\/wp-json\/wp\/v2\/tags?post=271"}],"curies":[{"name":"wp","href":"https:\/\/api.w.org\/{rel}","templated":true}]}}