{"id":330,"date":"2012-10-16T19:35:00","date_gmt":"2012-10-16T18:35:00","guid":{"rendered":"http:\/\/blogg.improveme.se\/linkovic\/?p=330"},"modified":"2012-10-16T19:35:00","modified_gmt":"2012-10-16T18:35:00","slug":"dag-71-tyskland-sverige","status":"publish","type":"post","link":"https:\/\/blogg.improveme.se\/linkovic\/2012\/10\/16\/dag-71-tyskland-sverige\/","title":{"rendered":"Dag 71 &#8211; Tyskland-Sverige"},"content":{"rendered":"<p>Hej p\u00e5 er, <\/p>\n<p>Dag 71 har vart tung. K\u00e4nt mig frusen och tr\u00f6tt hela dagen. \u00c4nd\u00e5 j\u00e4kligt n\u00f6jd med att jag genomf\u00f6rt tv\u00e5 pass idag. Energin l\u00f6s med din fr\u00e5nvaro och jag hade l\u00e5ngt ifr\u00e5n det d\u00e4r extra p\u00e5 gymmet &#8211; men jag fick dit. Det \u00e4r det viktigaste f\u00f6r mig. Nu ska jag \u00e4ta lite middag och kolla Tyskland mot Sverige. Riktigt tuff match. Bortaplan mot Tyskland ska inte Sverige vinna. Men bollen \u00e4r rund. Diggar \u00e4nd\u00e5, till skillnad mot m\u00e5nga journalister att Wernblom f\u00e5r chansen. Ville ha med honom i startelvan redan under EM. Gillar hans inst\u00e4llning. Med r\u00e4tt inst\u00e4llning, lite flyt och underskattning fr\u00e5n Tysklands sida s\u00e5 kan det g\u00e5 v\u00e4gen. St\u00f6rre mirakel har intr\u00e4ffat.<\/p>\n<p>Ha en trevlig kv\u00e4ll!<\/p>\n<p><a href=\"http:\/\/blogg.improveme.se\/linkovic\/files\/2012\/10\/20121016-203411.jpg\"><img decoding=\"async\" src=\"http:\/\/blogg.improveme.se\/linkovic\/files\/2012\/10\/20121016-203411.jpg\" alt=\"20121016-203411.jpg\" class=\"alignnone size-full\" \/><\/a><\/p>\n<p><a href=\"http:\/\/blogg.improveme.se\/linkovic\/files\/2012\/10\/20121016-203447.jpg\"><img decoding=\"async\" src=\"http:\/\/blogg.improveme.se\/linkovic\/files\/2012\/10\/20121016-203447.jpg\" alt=\"20121016-203447.jpg\" class=\"alignnone size-full\" \/><\/a><\/p>\n","protected":false},"excerpt":{"rendered":"<p>Hej p\u00e5 er, Dag 71 har vart tung. K\u00e4nt mig frusen och tr\u00f6tt hela dagen. \u00c4nd\u00e5 j\u00e4kligt n\u00f6jd med att jag genomf\u00f6rt tv\u00e5 pass idag. Energin l\u00f6s med din fr\u00e5nvaro och jag hade l\u00e5ngt ifr\u00e5n det d\u00e4r extra p\u00e5 gymmet &#8211; men jag fick dit. Det \u00e4r det viktigaste f\u00f6r mig. Nu ska jag \u00e4ta &#8230; <a title=\"Dag 71 &#8211; Tyskland-Sverige\" class=\"read-more\" href=\"https:\/\/blogg.improveme.se\/linkovic\/2012\/10\/16\/dag-71-tyskland-sverige\/\" aria-label=\"L\u00e4s mer om Dag 71 &#8211; Tyskland-Sverige\">L\u00e4s mer<\/a><\/p>\n","protected":false},"author":3142,"featured_media":0,"comment_status":"open","ping_status":"open","sticky":false,"template":"","format":"standard","meta":{"footnotes":""},"categories":[3],"tags":[],"class_list":["post-330","post","type-post","status-publish","format-standard","hentry","category-livsstil-halsa"],"_links":{"self":[{"href":"https:\/\/blogg.improveme.se\/linkovic\/wp-json\/wp\/v2\/posts\/330","targetHints":{"allow":["GET"]}}],"collection":[{"href":"https:\/\/blogg.improveme.se\/linkovic\/wp-json\/wp\/v2\/posts"}],"about":[{"href":"https:\/\/blogg.improveme.se\/linkovic\/wp-json\/wp\/v2\/types\/post"}],"author":[{"embeddable":true,"href":"https:\/\/blogg.improveme.se\/linkovic\/wp-json\/wp\/v2\/users\/3142"}],"replies":[{"embeddable":true,"href":"https:\/\/blogg.improveme.se\/linkovic\/wp-json\/wp\/v2\/comments?post=330"}],"version-history":[{"count":0,"href":"https:\/\/blogg.improveme.se\/linkovic\/wp-json\/wp\/v2\/posts\/330\/revisions"}],"wp:attachment":[{"href":"https:\/\/blogg.improveme.se\/linkovic\/wp-json\/wp\/v2\/media?parent=330"}],"wp:term":[{"taxonomy":"category","embeddable":true,"href":"https:\/\/blogg.improveme.se\/linkovic\/wp-json\/wp\/v2\/categories?post=330"},{"taxonomy":"post_tag","embeddable":true,"href":"https:\/\/blogg.improveme.se\/linkovic\/wp-json\/wp\/v2\/tags?post=330"}],"curies":[{"name":"wp","href":"https:\/\/api.w.org\/{rel}","templated":true}]}}