{"id":356,"date":"2012-11-06T08:41:01","date_gmt":"2012-11-06T07:41:01","guid":{"rendered":"http:\/\/blogg.improveme.se\/linkovic\/?p=356"},"modified":"2012-11-06T08:41:01","modified_gmt":"2012-11-06T07:41:01","slug":"dag-92-nu-ar-det-annu-narmare","status":"publish","type":"post","link":"https:\/\/blogg.improveme.se\/linkovic\/2012\/11\/06\/dag-92-nu-ar-det-annu-narmare\/","title":{"rendered":"Dag 92 &#8211; Nu \u00e4r det \u00e4nnu n\u00e4rmare."},"content":{"rendered":"<p>God morgon,<\/p>\n<p>8 dagar kvar!<\/p>\n<p>Tisdagar \u00e4r normalt den absolut v\u00e4rsta dagen f\u00f6r mig p\u00e5 hela veckan. Vet inte riktigt varf\u00f6r men det har alltid vart s\u00e5.<br \/>\nMen allt handlar egentligen om inst\u00e4llning. Jag till\u00e5ter mig inte sj\u00e4lv att t\u00e4nka negativt idag. De tankarna duckar jag helt f\u00f6r. Jag kommer med all st\u00f6rsta sannolikhet sitta och konstatera att veckorna bara flyger iv\u00e4g. Fan vad sjukt att det redan \u00e4r fredag osv&#8230; P\u00e5 samma s\u00e4tt kommer konstatera att helgen bara flugit iv\u00e4g p\u00e5 s\u00f6ndag. F\u00f6r v\u00e4nner, sl\u00e4kt och m\u00e4nniskor runt om s\u00e5 har livet tagit slut pl\u00f6tsligt och ov\u00e4ntat. Jag vill bli b\u00e4ttre p\u00e5 att leva i nuet och vara glad f\u00f6r den tiden jag f\u00e5r. D\u00e5 kan jag inte sitta och klaga p\u00e5 livet och att det \u00e4r m\u00f6rkt och kallt. S\u00e5 ser det ut i Sverige den h\u00e4r \u00e5rstiden och man kan som m\u00e5nga av mina v\u00e4nner gjort, v\u00e4lja att flytta till varmare breddgrader. <\/p>\n<p>Ha en helt fantastisk tisdag &lt;3<\/p>\n<p><a href=\"http:\/\/blogg.improveme.se\/linkovic\/files\/2012\/11\/20121106-084035.jpg\"><img decoding=\"async\" src=\"http:\/\/blogg.improveme.se\/linkovic\/files\/2012\/11\/20121106-084035.jpg\" alt=\"20121106-084035.jpg\" class=\"alignnone size-full\" \/><\/a><\/p>\n","protected":false},"excerpt":{"rendered":"<p>God morgon, 8 dagar kvar! Tisdagar \u00e4r normalt den absolut v\u00e4rsta dagen f\u00f6r mig p\u00e5 hela veckan. Vet inte riktigt varf\u00f6r men det har alltid vart s\u00e5. Men allt handlar egentligen om inst\u00e4llning. Jag till\u00e5ter mig inte sj\u00e4lv att t\u00e4nka negativt idag. De tankarna duckar jag helt f\u00f6r. Jag kommer med all st\u00f6rsta sannolikhet sitta &#8230; <a title=\"Dag 92 &#8211; Nu \u00e4r det \u00e4nnu n\u00e4rmare.\" class=\"read-more\" href=\"https:\/\/blogg.improveme.se\/linkovic\/2012\/11\/06\/dag-92-nu-ar-det-annu-narmare\/\" aria-label=\"L\u00e4s mer om Dag 92 &#8211; Nu \u00e4r det \u00e4nnu n\u00e4rmare.\">L\u00e4s mer<\/a><\/p>\n","protected":false},"author":3142,"featured_media":0,"comment_status":"open","ping_status":"open","sticky":false,"template":"","format":"standard","meta":{"footnotes":""},"categories":[3],"tags":[],"class_list":["post-356","post","type-post","status-publish","format-standard","hentry","category-livsstil-halsa"],"_links":{"self":[{"href":"https:\/\/blogg.improveme.se\/linkovic\/wp-json\/wp\/v2\/posts\/356","targetHints":{"allow":["GET"]}}],"collection":[{"href":"https:\/\/blogg.improveme.se\/linkovic\/wp-json\/wp\/v2\/posts"}],"about":[{"href":"https:\/\/blogg.improveme.se\/linkovic\/wp-json\/wp\/v2\/types\/post"}],"author":[{"embeddable":true,"href":"https:\/\/blogg.improveme.se\/linkovic\/wp-json\/wp\/v2\/users\/3142"}],"replies":[{"embeddable":true,"href":"https:\/\/blogg.improveme.se\/linkovic\/wp-json\/wp\/v2\/comments?post=356"}],"version-history":[{"count":0,"href":"https:\/\/blogg.improveme.se\/linkovic\/wp-json\/wp\/v2\/posts\/356\/revisions"}],"wp:attachment":[{"href":"https:\/\/blogg.improveme.se\/linkovic\/wp-json\/wp\/v2\/media?parent=356"}],"wp:term":[{"taxonomy":"category","embeddable":true,"href":"https:\/\/blogg.improveme.se\/linkovic\/wp-json\/wp\/v2\/categories?post=356"},{"taxonomy":"post_tag","embeddable":true,"href":"https:\/\/blogg.improveme.se\/linkovic\/wp-json\/wp\/v2\/tags?post=356"}],"curies":[{"name":"wp","href":"https:\/\/api.w.org\/{rel}","templated":true}]}}