{"id":45,"date":"2012-08-09T19:37:46","date_gmt":"2012-08-09T18:37:46","guid":{"rendered":"http:\/\/blogg.improveme.se\/linkovic\/?p=45"},"modified":"2012-08-09T19:37:46","modified_gmt":"2012-08-09T18:37:46","slug":"det-okanda","status":"publish","type":"post","link":"https:\/\/blogg.improveme.se\/linkovic\/2012\/08\/09\/det-okanda\/","title":{"rendered":"Det ok\u00e4nda."},"content":{"rendered":"<p>\u00c4r det inte extremt l\u00e4tt att d\u00f6ma n\u00e5gon efter utseendet?\u00a0Du ser en m\u00e4nniska och bildar dig v\u00e4ldigt snabbt en bild om hur den h\u00e4r m\u00e4nniskan \u00e4r. Jag kan till och med inbilla mig sj\u00e4lv att jag inte tycker om personen i fr\u00e5ga. \u00c4ven fast vi inte ens har pratat med varandra. Och det lustiga \u00e4r att jag i v\u00e4ldigt m\u00e5nga fall har haft fel hela tiden. De personer jag fr\u00e5n b\u00f6rjan haft en d\u00e5lig bild av har i v\u00e4ldigt m\u00e5nga fall visat sig vara helt underbara m\u00e4nniskor. N\u00e5gra har till och med blivit mina b\u00e4sta v\u00e4nner. \u00c4nd\u00e5 forts\u00e4tter den h\u00e4r processen g\u00e5ng p\u00e5 g\u00e5ng. Och jag blir alltid lika f\u00f6rv\u00e5nad n\u00e4r det visar sig att jag har haft helt fel bild hela tiden. Det m\u00e5ste ha att g\u00f6ra med min egen os\u00e4kerhet. En fruktan f\u00f6r det ok\u00e4nda. Avund kanske? Vad det \u00e4n \u00e4r s\u00e5 ser jag det som en svaghet, en del av mig som inte passar in i den bild jag vill ha av mig sj\u00e4lv. S\u00e5 2011. \u00d6nskar att skulle kunna lova er att jag aldrig mer ska d\u00f6ma n\u00e5gon efter utseendet igen. Det kan jag inte. Men jag ska f\u00f6rs\u00f6ka.<\/p>\n<p>&lt;3<\/p>\n","protected":false},"excerpt":{"rendered":"<p>\u00c4r det inte extremt l\u00e4tt att d\u00f6ma n\u00e5gon efter utseendet?\u00a0Du ser en m\u00e4nniska och bildar dig v\u00e4ldigt snabbt en bild om hur den h\u00e4r m\u00e4nniskan \u00e4r. Jag kan till och med inbilla mig sj\u00e4lv att jag inte tycker om personen i fr\u00e5ga. \u00c4ven fast vi inte ens har pratat med varandra. Och det lustiga \u00e4r &#8230; <a title=\"Det ok\u00e4nda.\" class=\"read-more\" href=\"https:\/\/blogg.improveme.se\/linkovic\/2012\/08\/09\/det-okanda\/\" aria-label=\"L\u00e4s mer om Det ok\u00e4nda.\">L\u00e4s mer<\/a><\/p>\n","protected":false},"author":3142,"featured_media":0,"comment_status":"open","ping_status":"open","sticky":false,"template":"","format":"standard","meta":{"footnotes":""},"categories":[1],"tags":[],"class_list":["post-45","post","type-post","status-publish","format-standard","hentry","category-okategoriserad"],"_links":{"self":[{"href":"https:\/\/blogg.improveme.se\/linkovic\/wp-json\/wp\/v2\/posts\/45","targetHints":{"allow":["GET"]}}],"collection":[{"href":"https:\/\/blogg.improveme.se\/linkovic\/wp-json\/wp\/v2\/posts"}],"about":[{"href":"https:\/\/blogg.improveme.se\/linkovic\/wp-json\/wp\/v2\/types\/post"}],"author":[{"embeddable":true,"href":"https:\/\/blogg.improveme.se\/linkovic\/wp-json\/wp\/v2\/users\/3142"}],"replies":[{"embeddable":true,"href":"https:\/\/blogg.improveme.se\/linkovic\/wp-json\/wp\/v2\/comments?post=45"}],"version-history":[{"count":0,"href":"https:\/\/blogg.improveme.se\/linkovic\/wp-json\/wp\/v2\/posts\/45\/revisions"}],"wp:attachment":[{"href":"https:\/\/blogg.improveme.se\/linkovic\/wp-json\/wp\/v2\/media?parent=45"}],"wp:term":[{"taxonomy":"category","embeddable":true,"href":"https:\/\/blogg.improveme.se\/linkovic\/wp-json\/wp\/v2\/categories?post=45"},{"taxonomy":"post_tag","embeddable":true,"href":"https:\/\/blogg.improveme.se\/linkovic\/wp-json\/wp\/v2\/tags?post=45"}],"curies":[{"name":"wp","href":"https:\/\/api.w.org\/{rel}","templated":true}]}}