{"id":55,"date":"2012-08-10T17:46:32","date_gmt":"2012-08-10T16:46:32","guid":{"rendered":"http:\/\/blogg.improveme.se\/linkovic\/?p=55"},"modified":"2012-08-10T17:46:32","modified_gmt":"2012-08-10T16:46:32","slug":"dag-5-forsta-provningen","status":"publish","type":"post","link":"https:\/\/blogg.improveme.se\/linkovic\/2012\/08\/10\/dag-5-forsta-provningen\/","title":{"rendered":"Dag 5 &#8211; F\u00f6rsta pr\u00f6vningen!"},"content":{"rendered":"<p>Hej p\u00e5 er,<\/p>\n<p>Helgen \u00e4r h\u00e4r! K\u00e4nns bra att ha f\u00f6rsta arbetsveckan avklarad&#8230; Lite av en mjukstart men kul att tr\u00e4ffa alla igen \ud83d\ude42<\/p>\n<p>Idag \u00e4r jag stressad som ett as! Skulle vara hemma hos min k\u00e4re v\u00e4n Mikael Englund kl 18:30. Innan dess skulle jag och min v\u00e4n Rickard baka en t\u00e5rta som vi skulle ha med oss. Tre n\u00e4ra v\u00e4nner har fyllt \u00e5r s\u00e5 vi sl\u00e5r tre flugor i en sm\u00e4ll och firar av dem ikv\u00e4ll! Jag kan d\u00e5 jag nu kollar klockan konstatera att jag \u00a0inte kommer att hinna till kl 18:30. Har flaggar f\u00f6r att jag troligen inte hinner tills kl 19:00. Jag kommer inte hinna till 19:00 heller. Varf\u00f6r sa jag inte 19:30 f\u00f6r direkt s\u00e5 hade jag vart safe!? Klassiker.<\/p>\n<p>Nu m\u00e5ste jag sl\u00e4nga p\u00e5 mig min finaste festbl\u00e5sa och trixa till barret mina v\u00e4nner. Ikv\u00e4ll blir f\u00f6rsta kv\u00e4llen d\u00e5 jag sticker ut genom att inte dricka n\u00e5gon alkohol. Och det h\u00e4rliga i kr\u00e5ks\u00e5ngen \u00e4r att jag inte \u00e4r ett dugg sugen heller \ud83d\ude42<\/p>\n<p>\u00d6nskar er alla en fantastisk fredag! J\u00e4vlar vad snabbt jag skrev det h\u00e4r!? F\u00e5r g\u00e5 in och kolla sen f\u00f6r jag vet knappt vad jag skrivit \ud83d\ude42 Vi h\u00f6rs. Tja!<\/p>\n","protected":false},"excerpt":{"rendered":"<p>Hej p\u00e5 er, Helgen \u00e4r h\u00e4r! K\u00e4nns bra att ha f\u00f6rsta arbetsveckan avklarad&#8230; Lite av en mjukstart men kul att tr\u00e4ffa alla igen \ud83d\ude42 Idag \u00e4r jag stressad som ett as! Skulle vara hemma hos min k\u00e4re v\u00e4n Mikael Englund kl 18:30. Innan dess skulle jag och min v\u00e4n Rickard baka en t\u00e5rta som vi &#8230; <a title=\"Dag 5 &#8211; F\u00f6rsta pr\u00f6vningen!\" class=\"read-more\" href=\"https:\/\/blogg.improveme.se\/linkovic\/2012\/08\/10\/dag-5-forsta-provningen\/\" aria-label=\"L\u00e4s mer om Dag 5 &#8211; F\u00f6rsta pr\u00f6vningen!\">L\u00e4s mer<\/a><\/p>\n","protected":false},"author":3142,"featured_media":0,"comment_status":"open","ping_status":"open","sticky":false,"template":"","format":"standard","meta":{"footnotes":""},"categories":[1],"tags":[],"class_list":["post-55","post","type-post","status-publish","format-standard","hentry","category-okategoriserad"],"_links":{"self":[{"href":"https:\/\/blogg.improveme.se\/linkovic\/wp-json\/wp\/v2\/posts\/55","targetHints":{"allow":["GET"]}}],"collection":[{"href":"https:\/\/blogg.improveme.se\/linkovic\/wp-json\/wp\/v2\/posts"}],"about":[{"href":"https:\/\/blogg.improveme.se\/linkovic\/wp-json\/wp\/v2\/types\/post"}],"author":[{"embeddable":true,"href":"https:\/\/blogg.improveme.se\/linkovic\/wp-json\/wp\/v2\/users\/3142"}],"replies":[{"embeddable":true,"href":"https:\/\/blogg.improveme.se\/linkovic\/wp-json\/wp\/v2\/comments?post=55"}],"version-history":[{"count":0,"href":"https:\/\/blogg.improveme.se\/linkovic\/wp-json\/wp\/v2\/posts\/55\/revisions"}],"wp:attachment":[{"href":"https:\/\/blogg.improveme.se\/linkovic\/wp-json\/wp\/v2\/media?parent=55"}],"wp:term":[{"taxonomy":"category","embeddable":true,"href":"https:\/\/blogg.improveme.se\/linkovic\/wp-json\/wp\/v2\/categories?post=55"},{"taxonomy":"post_tag","embeddable":true,"href":"https:\/\/blogg.improveme.se\/linkovic\/wp-json\/wp\/v2\/tags?post=55"}],"curies":[{"name":"wp","href":"https:\/\/api.w.org\/{rel}","templated":true}]}}