{"id":57,"date":"2012-08-11T11:58:43","date_gmt":"2012-08-11T10:58:43","guid":{"rendered":"http:\/\/blogg.improveme.se\/linkovic\/?p=57"},"modified":"2012-08-11T11:58:43","modified_gmt":"2012-08-11T10:58:43","slug":"dag-6-fan-va-underbart-med-sovmorgon","status":"publish","type":"post","link":"https:\/\/blogg.improveme.se\/linkovic\/2012\/08\/11\/dag-6-fan-va-underbart-med-sovmorgon\/","title":{"rendered":"Dag 6 &#8211; Fan va underbart med sovmorgon!"},"content":{"rendered":"<p>Hej p\u00e5 er,<\/p>\n<p>Helt magiskt att vakna upp till en l\u00f6rdag med str\u00e5lande solsken!<\/p>\n<p>\u00c4lskar verkligen sovmorgnar \ud83d\ude42 Jag kan mycket v\u00e4l vara Nordeuropas tr\u00f6ttaste lirare p\u00e5 morgonen. Det h\u00e4nder kanske 2-3 g\u00e5nger p\u00e5 ett helt \u00e5r att jag vaknar upp av egen kraft och k\u00e4nner mig pigg. Sjukt st\u00f6rigt! Och under min f\u00f6rsta vakna timme p\u00e5 dygnet s\u00e5 g\u00e5r allt extremt l\u00e5ngsamt. Vilket inte riktigt g\u00e5r ihop med att jag varje morgon snoozar tills att det \u00e4r megastress! Jag kan heller inte som m\u00e5nga andra bara sl\u00e4nga p\u00e5 mig kl\u00e4derna och dra. Jag M\u00c5STE duscha innan jag l\u00e4mnar hemmet. Annars \u00e4r hela dagen f\u00f6rst\u00f6rd. Jag \u00e4r ynklig och frussen n\u00e4r jag vaknar, men duschen f\u00e5r ig\u00e5ng blodcirkulationen och g\u00f6r mig till en m\u00e4nniska igen. V\u00e4l p\u00e5 jobbet ska dagens f\u00f6rsta kopp kaffe inte underskattas. Resterande koppar kan jag utan problem skippa(\u00e4ven fast jag absolut inte g\u00f6r det) men f\u00f6rsta koppen \u00e4r livsviktig f\u00f6r mitt v\u00e4lbefinnande \ud83d\ude42<\/p>\n<p>Ig\u00e5r utsattes jag allts\u00e5 f\u00f6r min f\u00f6rsta pr\u00f6vning g\u00e4llande alkoholen. Det var faktiskt inga konstigheter. Jag var v\u00e4l iofs inte p\u00e5 mitt allra festligaste hum\u00f6r tyv\u00e4rr! K\u00e4nde mig ganska tr\u00f6tt och hade en lite jobbig huvudv\u00e4rk som inte ville ge med sig. Men det var kul att tr\u00e4ffa hela ligan \ud83d\ude42 Vi \u00e4r ett j\u00e4kligt tight g\u00e4ng som har h\u00e4ngt ihop nu i ganska m\u00e5nga \u00e5r. I takt med att vi alla blir \u00e4ldre och en del kommit och g\u00e5tt i f\u00f6rh\u00e5llanden s\u00e5 \u00e4r s\u00e4llan hela ligan samlad, men ig\u00e5r var faktiskt i princip alla d\u00e4r \ud83d\ude42 Vi firade tre v\u00e4nner som alla fyllt \u00e5r nyligen. Jag var v\u00e4l egentligen bara med p\u00e5 f\u00f6rfesten d\u00e5 vi grillade och m\u00f6s p\u00e5 Mickis inneg\u00e5rd. R\u00f6rde mig hem\u00e5t vid 23-tiden medans de andra begav sig ut i Stockholms nattliv!<\/p>\n<p>Idag ska jag faktiskt ocks\u00e5 fira en annan god v\u00e4n som fyller \u00e5r \ud83d\ude42 Mycket f\u00f6delsedagar nu!! Ska strax bege mig ut f\u00f6r att inhandla en present till honom. Men innan dess ska jag bara ligga p\u00e5 soffan, smutta p\u00e5 mitt te och njuta av att jag \u00e4r ledig idag! Och inte ens liiite bakis \ud83d\ude42<\/p>\n<p>\/ Link<\/p>\n","protected":false},"excerpt":{"rendered":"<p>Hej p\u00e5 er, Helt magiskt att vakna upp till en l\u00f6rdag med str\u00e5lande solsken! \u00c4lskar verkligen sovmorgnar \ud83d\ude42 Jag kan mycket v\u00e4l vara Nordeuropas tr\u00f6ttaste lirare p\u00e5 morgonen. Det h\u00e4nder kanske 2-3 g\u00e5nger p\u00e5 ett helt \u00e5r att jag vaknar upp av egen kraft och k\u00e4nner mig pigg. Sjukt st\u00f6rigt! Och under min f\u00f6rsta vakna &#8230; <a title=\"Dag 6 &#8211; Fan va underbart med sovmorgon!\" class=\"read-more\" href=\"https:\/\/blogg.improveme.se\/linkovic\/2012\/08\/11\/dag-6-fan-va-underbart-med-sovmorgon\/\" aria-label=\"L\u00e4s mer om Dag 6 &#8211; Fan va underbart med sovmorgon!\">L\u00e4s mer<\/a><\/p>\n","protected":false},"author":3142,"featured_media":0,"comment_status":"open","ping_status":"open","sticky":false,"template":"","format":"standard","meta":{"footnotes":""},"categories":[3],"tags":[],"class_list":["post-57","post","type-post","status-publish","format-standard","hentry","category-livsstil-halsa"],"_links":{"self":[{"href":"https:\/\/blogg.improveme.se\/linkovic\/wp-json\/wp\/v2\/posts\/57","targetHints":{"allow":["GET"]}}],"collection":[{"href":"https:\/\/blogg.improveme.se\/linkovic\/wp-json\/wp\/v2\/posts"}],"about":[{"href":"https:\/\/blogg.improveme.se\/linkovic\/wp-json\/wp\/v2\/types\/post"}],"author":[{"embeddable":true,"href":"https:\/\/blogg.improveme.se\/linkovic\/wp-json\/wp\/v2\/users\/3142"}],"replies":[{"embeddable":true,"href":"https:\/\/blogg.improveme.se\/linkovic\/wp-json\/wp\/v2\/comments?post=57"}],"version-history":[{"count":0,"href":"https:\/\/blogg.improveme.se\/linkovic\/wp-json\/wp\/v2\/posts\/57\/revisions"}],"wp:attachment":[{"href":"https:\/\/blogg.improveme.se\/linkovic\/wp-json\/wp\/v2\/media?parent=57"}],"wp:term":[{"taxonomy":"category","embeddable":true,"href":"https:\/\/blogg.improveme.se\/linkovic\/wp-json\/wp\/v2\/categories?post=57"},{"taxonomy":"post_tag","embeddable":true,"href":"https:\/\/blogg.improveme.se\/linkovic\/wp-json\/wp\/v2\/tags?post=57"}],"curies":[{"name":"wp","href":"https:\/\/api.w.org\/{rel}","templated":true}]}}