{"id":3142,"name":"linkovic","url":"","description":"Hej!\r\n\r\nMitt namn \u00e4r Michael Lindqvist och jag t\u00e4nker fr\u00e5n och med idag b\u00f6rja \"blogga\" under en period p\u00e5 100 dagar. Detta \u00e4r n\u00e5got helt nytt f\u00f6r mig och jag har nog alltid varit lite negativt inst\u00e4lld till hela grejen. S\u00e4kert fr\u00e4mst f\u00f6r att jag sj\u00e4lv inte tyckt att jag har n\u00e5got intressant att komma med. Nu har jag det(tycker jag sj\u00e4lv). Jag ska under 100 dagar inte dricka en droppe alkohol. Ni som inte k\u00e4nner mig l\u00e4r rycka p\u00e5 axlarna och undra vad fan grejen \u00e4r med det? Det kan v\u00e4l inte vara s\u00e5 j\u00e4kla sv\u00e5rt? De som k\u00e4nner mig l\u00e4r vara \u00f6vertygade om att jag aldrig kommer att lyckas. En del kanske s\u00e4ger att det \u00e4r klart du fixar det om du bara best\u00e4mmer dig, men det handlar nog fr\u00e4mst om att de inte vill s\u00e5ra mig.\r\n\r\nVarf\u00f6r fick jag den h\u00e4r id\u00e9n? \r\nJag har nog pratat om att jag ska ta en vit m\u00e5nad och b\u00f6rja tr\u00e4na s\u00e5 m\u00e5nga g\u00e5nger att mina n\u00e4rmsta inte ens orkar lyssna l\u00e4ngre. Problemet \u00e4r bara att jag har en extremt d\u00e5lig karakt\u00e4r. Sen \u00e4r jag ganska lat ocks\u00e5. Latheten tror jag dock fr\u00e4mst beror p\u00e5 min extremt oh\u00e4lsosamma  livsstil.\r\nJag testade p\u00e5 alkohol f\u00f6r f\u00f6rsta g\u00e5ngen p\u00e5 Valborg d\u00e5 jag gick i sjunde klass. Det var \u00e5tminstone min f\u00f6rsta fylla. P\u00e5 den tiden s\u00e5 tyckte jag att det smakade skit. Jag och en polare hade lyckats \u00f6vertala en \u00e4ldre kille att k\u00f6pa ut 3,5:or till oss som vi pressade i oss uppe i en skogsdunge i n\u00e4rheten av Orminge centrum. Jag kunde inte f\u00f6rst\u00e5 hur m\u00e4nniskor kunde f\u00e5 i sig \u00f6l efter \u00f6l d\u00e5 jag sj\u00e4lv var proppm\u00e4tt, p\u00e5 gr\u00e4nsen till illam\u00e5ende efter en. Senare samma kv\u00e4ll s\u00e5 m\u00f6tte vi upp n\u00e5gra av de lite coolare killarna i v\u00e5r skola som gick i \u00e5ttan och h\u00e4ngde med dom. Det h\u00e4r var n\u00e5got jag var stolt \u00f6ver och kunde skryta om i skolan efter\u00e5t. \r\nJag blev efter det allt oftare bjuden p\u00e5 alla fester och blev med tiden sj\u00e4lv en av de d\u00e4r \"coola killarna\".\r\nJag har s\u00e5 l\u00e4nge jag sj\u00e4lv kan minnas haft en r\u00e4tt s\u00e5 kass sj\u00e4lvk\u00e4nsla. M\u00e5nga h\u00e5ller nog inte med mig om det d\u00e5 jag alltid haft en mask ut\u00e5t. Jag har alltid varit klassens clown och k\u00e4nt en positiv energi d\u00e5 jag f\u00e5tt andra m\u00e4nniskor att skratta. Men d\u00e5 det t ex kommer till att jag ensam sitter med en tjej jag gillar s\u00e5 har jag inte vart lika kaxig. Jag har alltid vart usel p\u00e5 att vara mig sj\u00e4lv bland tjejer som haft n\u00e5gon form av betydelse f\u00f6r mig.\r\nAllt detta f\u00f6r\u00e4ndrades d\u00e5 jag b\u00f6rjade dricka alkohol. Med det i blodet s\u00e5 v\u00e5gade jag g\u00f6ra vad som helst. Helt pl\u00f6tsligt tyckte jag att jag var st\u00f6rst, b\u00e4st och vackrast i hela v\u00e4rlden. Och det funkade bra. \u00c5tminstone n\u00e4r det g\u00e4llde tjejer.\r\nTyv\u00e4rr s\u00e5 har alkoholen f\u00f6rt mig in i all v\u00e4rldens j\u00e4kla skit p\u00e5 andra fronter genom \u00e5ren. Jag ska inte g\u00e5 in djupare p\u00e5 det men jag vet att jag svikit m\u00e5nga m\u00e4nniskor som jag \u00e4lskar och inte minst svikit mig sj\u00e4lv m\u00e5nga g\u00e5nger. Jag har n\u00e4r jag t\u00e4nker efter inte haft en helt \"vit\" m\u00e5nad sen jag gick i h\u00f6gstadiet. Ganska sjukt n\u00e4r man t\u00e4nker p\u00e5 det.\r\nJag har ocks\u00e5 alltid tr\u00e4nat regelbundet. Fr\u00e4mst fotboll men \u00e4ven en del gym och boxning. Det har s\u00e5 klart f\u00f6rt med sig att jag alltid haft en kropp som jag vart n\u00f6jd med.\r\nDe senaste \u00e5ren har jag p\u00e5 n\u00e4ra h\u00e5ll f\u00e5tt se den f\u00f6rfalla men inte orkat g\u00f6ra ett skit \u00e5t saken. Sista \u00e5ret har det vart v\u00e4rre \u00e4n n\u00e5gonsin och jag undviker verkligen att kolla mig i spegeln. Har vart missn\u00f6jd med min egen spegelbild l\u00e4nge, klagat om det f\u00f6r mina v\u00e4nner men inte gjort ett skit \u00e5t saken. Nu \u00e4r det dags.\r\nJag pratade med en god v\u00e4n som tr\u00e4nar mycket och bad han att rycka med mig till gymmet lite oftare. Han sa att han kunde g\u00f6ra det men han ville att jag skulle ge det lite tid den h\u00e4r g\u00e5ngen och att jag skulle skippa alkoholen f\u00f6r att verkligen k\u00e4nna av den positiva effekten. 90 dagar med tr\u00e4ning, h\u00e4lsosam mat och ingen alkohol.\r\nJag skrattade lite \u00e5t det f\u00f6rst men kunde aldrig riktigt sl\u00e4ppa tanken. Jag t\u00e4nkte att ska jag k\u00f6ra 90 dagar s\u00e5 kan jag ju lika g\u00e4rna k\u00f6ra 100 dagar. Pratade med honom igen och han verkligen \u00f6vertygade mig om att det h\u00e4r skulle f\u00e5 mig att m\u00e5 s\u00e5 mycket b\u00e4ttre som m\u00e4nniska och att jag efter det troligtvis aldrig skulle vilja \u00e5terv\u00e4nda till den livsstil jag lever idag. F\u00f6r att s\u00e4tta lite extra press p\u00e5 mig sj\u00e4lv s\u00e5 gjorde jag en deal med en annan v\u00e4n som inneb\u00e4r att jag f\u00f6rlorar en hel del pengar om jag inte fixar det h\u00e4r. \r\nJag har alltid dr\u00f6mt om att \u00e5ka till Brasilien. I \u00e5r ligger julen s\u00e5 perfekt att om jag tar fem dagars ledighet s\u00e5 \u00e4r jag ledig i 16 dagar. Min bel\u00f6ning f\u00f6r detta blir d\u00e4rf\u00f6r en resa i tv\u00e5 veckor under julen till Brasilien.\r\nJag tror mig \u00e4ven f\u00e5: en b\u00e4ttre ekonomi, mycket mer energi p\u00e5 jobbet, mindre \u00e5ngest, en b\u00e4ttre sj\u00e4lvk\u00e4nsla osv.\r\nTanken \u00e4r inte att jag ska bli helnykterist efter de h\u00e4r dagarna. Men min kropp beh\u00f6ver vila lite. Och min f\u00f6rhoppning \u00e4r att jag efter det h\u00e4r kommer att kunna dricka p\u00e5 en mer normal niv\u00e5. Idag kan jag inte dricka tv\u00e5 glas vin och vara n\u00f6jd utan det \u00e4r allt eller inget. Jag \u00e4lskar att g\u00e5 ut och tr\u00e4ffa nya m\u00e4nniskor, men jag \u00e4r inte 18 l\u00e4ngre och vill inte ses som en m\u00e4nniska som g\u00f6r det flera g\u00e5nger i veckan. Det hade \u00e4ven vart kul att komma ih\u00e5g kv\u00e4llarna dagen efter och kunna ta ansvar f\u00f6r de saker jag sagt och gjort.\r\nJag kommer att l\u00e4gga upp bilder och filmer p\u00e5 bloggen d\u00e4r ni som vill f\u00e5r f\u00f6lja hur det g\u00e5r f\u00f6r mig.\r\n\r\nTycker sj\u00e4lv att det h\u00f6r ska bli riktigt sp\u00e4nnande och kul s\u00e5 nu k\u00f6r vi!!\r\n\r\n\/ Michael \"Link\" Lindqvist","link":"https:\/\/blogg.improveme.se\/linkovic\/author\/linkovic\/","slug":"linkovic","meta":[],"_links":{"self":[{"href":"https:\/\/blogg.improveme.se\/linkovic\/wp-json\/wp\/v2\/users\/3142","targetHints":{"allow":["GET"]}}],"collection":[{"href":"https:\/\/blogg.improveme.se\/linkovic\/wp-json\/wp\/v2\/users"}]}}