{"id":36,"date":"2014-09-07T19:32:10","date_gmt":"2014-09-07T17:32:10","guid":{"rendered":"http:\/\/blogg.improveme.se\/lisaj\/?p=36"},"modified":"2014-09-07T19:32:53","modified_gmt":"2014-09-07T17:32:53","slug":"nynas-havsbad","status":"publish","type":"post","link":"https:\/\/blogg.improveme.se\/lisaj\/2014\/09\/07\/nynas-havsbad\/","title":{"rendered":"Nyn\u00e4s havsbad"},"content":{"rendered":"<p>Idag \u00f6verraskade mitt hj\u00e4rta mig med brunch och bad i solen p\u00e5 havsbadet. Badade \u00e4ven i havet vilket va det kallaste vattnet jag varit med om, va lagom sk\u00f6nt att hoppa ner i den uppv\u00e4rmda poolen efter\u00e5t! Man kunde till och med ligga och sola, \u00e4lskar att sommarv\u00e4dret h\u00e5ller i sig \u00e4n, det f\u00e5r g\u00e4rna forts\u00e4tta.<\/p>\n<p>Just nu ligger vi i s\u00e4ngen och ska kolla p\u00e5 f\u00f6rsta Taken-filmen, f\u00f6r att sedan laga mat och se den andra. Har aldrig sett dom och missade ig\u00e5r d\u00e5 dom visades p\u00e5 tvn. Hade vin mys med tjejerna ig\u00e5rkv\u00e4ll s\u00e5 t\u00e4nkte l\u00e4gga in bilder lite senare.<\/p>\n<p>Jag har med andra ord haft en superhelg!<\/p>\n<p><a href=\"http:\/\/blogg.improveme.se\/lisaj\/files\/2014\/09\/image3.jpg\"><img loading=\"lazy\" decoding=\"async\" class=\"alignleft size-large wp-image-37\" src=\"http:\/\/blogg.improveme.se\/lisaj\/files\/2014\/09\/image3-755x755.jpg\" alt=\"image\" width=\"755\" height=\"755\" srcset=\"https:\/\/blogg.improveme.se\/lisaj\/files\/2014\/09\/image3-755x755.jpg 755w, https:\/\/blogg.improveme.se\/lisaj\/files\/2014\/09\/image3-150x150.jpg 150w, https:\/\/blogg.improveme.se\/lisaj\/files\/2014\/09\/image3-300x300.jpg 300w, https:\/\/blogg.improveme.se\/lisaj\/files\/2014\/09\/image3.jpg 1024w\" sizes=\"auto, (max-width: 755px) 100vw, 755px\" \/><\/a><\/p>\n","protected":false},"excerpt":{"rendered":"<p>Idag \u00f6verraskade mitt hj\u00e4rta mig med brunch och bad i solen p\u00e5 havsbadet. Badade \u00e4ven i havet vilket va det kallaste vattnet jag varit med om, va lagom sk\u00f6nt att hoppa ner i den uppv\u00e4rmda poolen efter\u00e5t! Man kunde till och med ligga och sola, \u00e4lskar att sommarv\u00e4dret h\u00e5ller i sig \u00e4n, det f\u00e5r g\u00e4rna &#8230; <a title=\"Nyn\u00e4s havsbad\" class=\"read-more\" href=\"https:\/\/blogg.improveme.se\/lisaj\/2014\/09\/07\/nynas-havsbad\/\" aria-label=\"L\u00e4s mer om Nyn\u00e4s havsbad\">L\u00e4s mer<\/a><\/p>\n","protected":false},"author":6056,"featured_media":0,"comment_status":"open","ping_status":"open","sticky":false,"template":"","format":"standard","meta":{"footnotes":""},"categories":[1],"tags":[],"class_list":["post-36","post","type-post","status-publish","format-standard","hentry","category-okategoriserad"],"_links":{"self":[{"href":"https:\/\/blogg.improveme.se\/lisaj\/wp-json\/wp\/v2\/posts\/36","targetHints":{"allow":["GET"]}}],"collection":[{"href":"https:\/\/blogg.improveme.se\/lisaj\/wp-json\/wp\/v2\/posts"}],"about":[{"href":"https:\/\/blogg.improveme.se\/lisaj\/wp-json\/wp\/v2\/types\/post"}],"author":[{"embeddable":true,"href":"https:\/\/blogg.improveme.se\/lisaj\/wp-json\/wp\/v2\/users\/6056"}],"replies":[{"embeddable":true,"href":"https:\/\/blogg.improveme.se\/lisaj\/wp-json\/wp\/v2\/comments?post=36"}],"version-history":[{"count":0,"href":"https:\/\/blogg.improveme.se\/lisaj\/wp-json\/wp\/v2\/posts\/36\/revisions"}],"wp:attachment":[{"href":"https:\/\/blogg.improveme.se\/lisaj\/wp-json\/wp\/v2\/media?parent=36"}],"wp:term":[{"taxonomy":"category","embeddable":true,"href":"https:\/\/blogg.improveme.se\/lisaj\/wp-json\/wp\/v2\/categories?post=36"},{"taxonomy":"post_tag","embeddable":true,"href":"https:\/\/blogg.improveme.se\/lisaj\/wp-json\/wp\/v2\/tags?post=36"}],"curies":[{"name":"wp","href":"https:\/\/api.w.org\/{rel}","templated":true}]}}