{"id":46,"date":"2012-08-28T22:25:15","date_gmt":"2012-08-28T21:25:15","guid":{"rendered":"http:\/\/blogg.improveme.se\/majadeluxe\/?p=46"},"modified":"2012-08-28T22:25:15","modified_gmt":"2012-08-28T21:25:15","slug":"2-kg","status":"publish","type":"post","link":"https:\/\/blogg.improveme.se\/majadeluxe\/2012\/08\/28\/2-kg\/","title":{"rendered":"&#8211; 2 kg!"},"content":{"rendered":"<p><strong>Trodde att v\u00e5gen hemma lj\u00f6g innan,<\/strong> s\u00e5 jag dubbelkollade p\u00e5 gymmet! <strong>Minus 2 kg<\/strong> p\u00e5 ungef\u00e4r 3 veckor, bra grejer det h\u00e4r! K\u00e4nner att jag b\u00f6rjat komma in i produkterna nu, b\u00e5de\u00a0<strong>Bod\u2022\u0113\u00a0Burn\u00a0&amp; Verve<\/strong> \u00e4r grymma! Men jag f\u00e5r nog tacka Burnen mest f\u00f6r mitt nu f\u00f6rlorade (dock inte s\u00e5 saknade) fett \ud83d\ude42<\/p>\n<p>H\u00e4rligt att f\u00e5 en liten morot p\u00e5 v\u00e4gen, jag menar, det \u00e4r ju ingen mirakeldryck som kommer suga fettet ur kroppen, men det underl\u00e4ttar och snabbar p\u00e5 processen avsev\u00e4rt, s\u00e5 man n\u00e5r sitt m\u00e5l snabbare. Jag diggar iaf det, du borde ocks\u00e5 prova!<\/p>\n<p><em>..Om du vill vara vacker inifr\u00e5n och ut..<\/em><\/p>\n<p><a href=\"http:\/\/blogg.improveme.se\/majadeluxe\/files\/2012\/08\/Bode-Burn-3-Kopia.jpg\"><img loading=\"lazy\" decoding=\"async\" class=\"aligncenter size-full wp-image-47\" src=\"http:\/\/blogg.improveme.se\/majadeluxe\/files\/2012\/08\/Bode-Burn-3-Kopia.jpg\" alt=\"\" width=\"740\" height=\"580\" srcset=\"https:\/\/blogg.improveme.se\/majadeluxe\/files\/2012\/08\/Bode-Burn-3-Kopia.jpg 740w, https:\/\/blogg.improveme.se\/majadeluxe\/files\/2012\/08\/Bode-Burn-3-Kopia-300x235.jpg 300w, https:\/\/blogg.improveme.se\/majadeluxe\/files\/2012\/08\/Bode-Burn-3-Kopia-680x532.jpg 680w\" sizes=\"auto, (max-width: 740px) 100vw, 740px\" \/><\/a><\/p>\n<p><strong>Burn i sinne &#8211; br\u00e4nn fettet inne!<\/strong><\/p>\n<p><strong>\/MD<\/strong><\/p>\n","protected":false},"excerpt":{"rendered":"<p>Trodde att v\u00e5gen hemma lj\u00f6g innan, s\u00e5 jag dubbelkollade p\u00e5 gymmet! Minus 2 kg p\u00e5 ungef\u00e4r 3 veckor, bra grejer det h\u00e4r! K\u00e4nner att jag b\u00f6rjat komma in i produkterna nu, b\u00e5de\u00a0Bod\u2022\u0113\u00a0Burn\u00a0&amp; Verve \u00e4r grymma! Men jag f\u00e5r nog tacka Burnen mest f\u00f6r mitt nu f\u00f6rlorade (dock inte s\u00e5 saknade) fett \ud83d\ude42 H\u00e4rligt att f\u00e5 &#8230; <a title=\"&#8211; 2 kg!\" class=\"read-more\" href=\"https:\/\/blogg.improveme.se\/majadeluxe\/2012\/08\/28\/2-kg\/\" aria-label=\"L\u00e4s mer om &#8211; 2 kg!\">L\u00e4s mer<\/a><\/p>\n","protected":false},"author":3151,"featured_media":0,"comment_status":"open","ping_status":"open","sticky":false,"template":"","format":"standard","meta":{"footnotes":""},"categories":[1],"tags":[],"class_list":["post-46","post","type-post","status-publish","format-standard","hentry","category-okategoriserad"],"_links":{"self":[{"href":"https:\/\/blogg.improveme.se\/majadeluxe\/wp-json\/wp\/v2\/posts\/46","targetHints":{"allow":["GET"]}}],"collection":[{"href":"https:\/\/blogg.improveme.se\/majadeluxe\/wp-json\/wp\/v2\/posts"}],"about":[{"href":"https:\/\/blogg.improveme.se\/majadeluxe\/wp-json\/wp\/v2\/types\/post"}],"author":[{"embeddable":true,"href":"https:\/\/blogg.improveme.se\/majadeluxe\/wp-json\/wp\/v2\/users\/3151"}],"replies":[{"embeddable":true,"href":"https:\/\/blogg.improveme.se\/majadeluxe\/wp-json\/wp\/v2\/comments?post=46"}],"version-history":[{"count":0,"href":"https:\/\/blogg.improveme.se\/majadeluxe\/wp-json\/wp\/v2\/posts\/46\/revisions"}],"wp:attachment":[{"href":"https:\/\/blogg.improveme.se\/majadeluxe\/wp-json\/wp\/v2\/media?parent=46"}],"wp:term":[{"taxonomy":"category","embeddable":true,"href":"https:\/\/blogg.improveme.se\/majadeluxe\/wp-json\/wp\/v2\/categories?post=46"},{"taxonomy":"post_tag","embeddable":true,"href":"https:\/\/blogg.improveme.se\/majadeluxe\/wp-json\/wp\/v2\/tags?post=46"}],"curies":[{"name":"wp","href":"https:\/\/api.w.org\/{rel}","templated":true}]}}