{"id":2823,"date":"2010-05-18T09:48:00","date_gmt":"2010-05-18T08:48:00","guid":{"rendered":"http:\/\/blogg.improveme.se\/malin\/2010\/05\/18\/hej-och-ha\/"},"modified":"2010-05-18T09:48:00","modified_gmt":"2010-05-18T08:48:00","slug":"hej-och-ha","status":"publish","type":"post","link":"https:\/\/blogg.improveme.se\/malin\/2010\/05\/18\/hej-och-ha\/","title":{"rendered":"Hej och h\u00e5"},"content":{"rendered":"<p><a href=\"http:\/\/s.improveme.se\/data\/filearchive\/125730.0x0.jpg\" target=\"_BLANK\"><img decoding=\"async\" src=\"http:\/\/s.improveme.se\/data\/filearchive\/125730.510x0.jpg\" border=\"0\"><\/a><\/p>\n<p><font style=\"color: rgb(0, 0, 0);\" size=\"2\"><span style=\"font-family: Georgia;\">Jag gl\u00f6mde sminkv\u00e4skan hemma hos <span style=\"font-weight: bold;\">Martin<\/span> ig\u00e5r, s\u00e5 jag fick rota djupt i makeupl\u00e5dorna imorse. Hittade en foundation i n\u00e5gon konstig f\u00e4rgton som f\u00e5r mig att se orange ut, men det kan inte hj\u00e4lpas.<\/span><br style=\"font-family: Georgia;\"><br style=\"font-family: Georgia;\"><span style=\"font-family: Georgia;\">Idag v\u00e4ntar: massor av jobb, redaktionsm\u00f6te, lunchdejt med <span style=\"font-weight: bold;\">Pia<\/span>, intervju med praktikants\u00f6kande och slutligen middag hos<span style=\"font-weight: bold;\"> Anna<\/span> och <span style=\"font-weight: bold;\">Linus<\/span>. Jag k\u00e4nner att jag skulle beh\u00f6va en kv\u00e4ll att bara vara hemma och fixa, men det blir tidigast p\u00e5 m\u00e5ndag.<\/span><\/font><font style=\"color: rgb(0, 0, 0);\" size=\"2\"><span style=\"font-family: Georgia;\"> Mycket nu.<\/span><\/font><\/p>\n<p><\/p>\n","protected":false},"excerpt":{"rendered":"<p>Jag gl\u00f6mde sminkv\u00e4skan hemma hos Martin ig\u00e5r, s\u00e5 jag fick rota djupt i makeupl\u00e5dorna imorse. Hittade en foundation i n\u00e5gon konstig f\u00e4rgton som f\u00e5r mig att se orange ut, men det kan inte hj\u00e4lpas.Idag v\u00e4ntar: massor av jobb, redaktionsm\u00f6te, lunchdejt med Pia, intervju med praktikants\u00f6kande och slutligen middag hos Anna och Linus. Jag k\u00e4nner att &#8230; <a title=\"Hej och h\u00e5\" class=\"read-more\" href=\"https:\/\/blogg.improveme.se\/malin\/2010\/05\/18\/hej-och-ha\/\" aria-label=\"L\u00e4s mer om Hej och h\u00e5\">L\u00e4s mer<\/a><\/p>\n","protected":false},"author":1809,"featured_media":0,"comment_status":"open","ping_status":"open","sticky":false,"template":"","format":"standard","meta":{"footnotes":""},"categories":[1],"tags":[],"class_list":["post-2823","post","type-post","status-publish","format-standard","hentry","category-okategoriserad"],"_links":{"self":[{"href":"https:\/\/blogg.improveme.se\/malin\/wp-json\/wp\/v2\/posts\/2823","targetHints":{"allow":["GET"]}}],"collection":[{"href":"https:\/\/blogg.improveme.se\/malin\/wp-json\/wp\/v2\/posts"}],"about":[{"href":"https:\/\/blogg.improveme.se\/malin\/wp-json\/wp\/v2\/types\/post"}],"author":[{"embeddable":true,"href":"https:\/\/blogg.improveme.se\/malin\/wp-json\/wp\/v2\/users\/1809"}],"replies":[{"embeddable":true,"href":"https:\/\/blogg.improveme.se\/malin\/wp-json\/wp\/v2\/comments?post=2823"}],"version-history":[{"count":0,"href":"https:\/\/blogg.improveme.se\/malin\/wp-json\/wp\/v2\/posts\/2823\/revisions"}],"wp:attachment":[{"href":"https:\/\/blogg.improveme.se\/malin\/wp-json\/wp\/v2\/media?parent=2823"}],"wp:term":[{"taxonomy":"category","embeddable":true,"href":"https:\/\/blogg.improveme.se\/malin\/wp-json\/wp\/v2\/categories?post=2823"},{"taxonomy":"post_tag","embeddable":true,"href":"https:\/\/blogg.improveme.se\/malin\/wp-json\/wp\/v2\/tags?post=2823"}],"curies":[{"name":"wp","href":"https:\/\/api.w.org\/{rel}","templated":true}]}}