{"id":1007,"date":"2015-04-24T18:29:08","date_gmt":"2015-04-24T16:29:08","guid":{"rendered":"http:\/\/blogg.improveme.se\/marieoddsson\/?p=1007"},"modified":"2015-04-24T18:29:08","modified_gmt":"2015-04-24T16:29:08","slug":"salja-sitt-hus","status":"publish","type":"post","link":"https:\/\/blogg.improveme.se\/marieoddsson\/2015\/04\/24\/salja-sitt-hus\/","title":{"rendered":"S\u00e4lja sitt hus"},"content":{"rendered":"<p>Det \u00e4r inte varje dag man flyttar, och f\u00f6r mig \u00e4r det n\u00e4rmare best\u00e4mt 20 \u00e5r sen sist. Marknaden ser helt annorlunda ut i dag en den gjorde d\u00e5. Man har mycket att b\u00e5de se fram emot och \u00e4ven att oro sig \u00f6ver. F\u00f6rst \u00e4r det styling och fotografering, och det \u00e4r inte alltid man \u00e4r \u00f6verens med stylisten. Efter att ha varit p\u00e5 en hel del visningar s\u00e5 tycker jag att mycket ser likv\u00e4rdigt ut och m\u00e5nga g\u00e5nger \u00e4r ganska opersonligt. Jag menar, det m\u00e5ste v\u00e4ll \u00e4nd\u00e5 bo n\u00e5gon eller n\u00e5gra i bostaden. \u00c4nd\u00e5 ser det ganska stilrent och ofta ganska \u00a0kliniskt ut. Samtidigt s\u00e5 g\u00e4ller det att se bort fr\u00e5n allt detta f\u00f6r det f\u00f6ljer inte med n\u00e4r man flyttar in, d\u00e5 \u00e4r det trots allt bara v\u00e4ggar, golv och tak. Men som sagt man f\u00e5r ta ett steg i taget&#8230;<\/p>\n<p><a href=\"http:\/\/blogg.improveme.se\/marieoddsson\/files\/2015\/04\/IMG_46631-e1429891479968.jpg\"><img loading=\"lazy\" decoding=\"async\" class=\"aligncenter size-large wp-image-1006\" src=\"http:\/\/blogg.improveme.se\/marieoddsson\/files\/2015\/04\/IMG_46631-755x566.jpg\" alt=\"IMG_4663[1]\" width=\"755\" height=\"566\" \/><\/a><\/p>\n<p>F\u00f6rst \u00e4r det styling och allt vad det inneb\u00e4r och sen kommer fotografen och ska g\u00f6ra sin tolkning av bostaden. Sj\u00e4lvklar s\u00e5 \u00e4r detta helt klart p\u00e5frestande och tidskr\u00e4vande. Sen \u00e4r det dags f\u00f6r visning, har vi valt en bra dag och tid,kommer det n\u00e5gon, gillar n\u00e5gon v\u00e5rat hus?\u00a0 I v\u00e5rat fall s\u00e5 hade vi tre visningar vilket gjorde att budgivningen inte tog fart fr\u00e5n b\u00f6rjan. Sen \u00e4r det dags f\u00f6r n\u00e4sta steg, budgivningen!! S\u00e5 nervkittlande, ville n\u00e5gon har v\u00e5rat fina hus? Sent kv\u00e4llen efter visning tog det fart. Jag skulle precis g\u00e5 och l\u00e4gga mig d\u00e5 b\u00f6rjade mobilen att plinga. T\u00e4nk att folk sitter och bjuder miljontals kronor vid klockan elva p\u00e5 kv\u00e4llen? Sen \u00e4r det dags att skriva kontrakt och \u00e4ven det \u00e4r lite energit\u00f6mmande, f\u00f6r oss tog det 2,5 timmar, puh. Jag antar att det \u00e4r lite mer kring ett hus en \u00e4n l\u00e4genhet i det stora hela. Nu \u00e4r i alla fall allt f\u00e4rdigt och det k\u00e4nns b\u00e5de roligt och vemodigt p\u00e5 samma g\u00e5ng. V\u00e4l hemma nj\u00f6t jag lite extra av v\u00e5r fina piontulpanbukett,<\/p>\n<p><a href=\"http:\/\/blogg.improveme.se\/marieoddsson\/files\/2015\/04\/IMG_46351-e1429891299398.jpg\"><img loading=\"lazy\" decoding=\"async\" class=\"aligncenter size-large wp-image-1005\" src=\"http:\/\/blogg.improveme.se\/marieoddsson\/files\/2015\/04\/IMG_46351-755x566.jpg\" alt=\"IMG_4635[1]\" width=\"755\" height=\"566\" \/><\/a><\/p>\n<p>och sj\u00e4lvklart blev det ett glas champagne. Just nu ska det bli en peeling med en riktigt \u00e5terfuktande och uppstramande mask s\u00e5 att man v\u00e4cker lite liv i ansiktet.\u00a0I morgon kommer jag bara att njuta av att vara ledig, f\u00f6r det k\u00e4nns som om det var ett tag sen. Trevlig helg!<\/p>\n","protected":false},"excerpt":{"rendered":"<p>Det \u00e4r inte varje dag man flyttar, och f\u00f6r mig \u00e4r det n\u00e4rmare best\u00e4mt 20 \u00e5r sen sist. Marknaden ser helt annorlunda ut i dag en den gjorde d\u00e5. Man har mycket att b\u00e5de se fram emot och \u00e4ven att oro sig \u00f6ver. F\u00f6rst \u00e4r det styling och fotografering, och det \u00e4r inte alltid man &#8230; <a title=\"S\u00e4lja sitt hus\" class=\"read-more\" href=\"https:\/\/blogg.improveme.se\/marieoddsson\/2015\/04\/24\/salja-sitt-hus\/\" aria-label=\"L\u00e4s mer om S\u00e4lja sitt hus\">L\u00e4s mer<\/a><\/p>\n","protected":false},"author":9656,"featured_media":0,"comment_status":"open","ping_status":"open","sticky":false,"template":"","format":"standard","meta":{"footnotes":""},"categories":[1],"tags":[119,3,259],"class_list":["post-1007","post","type-post","status-publish","format-standard","hentry","category-okategoriserad","tag-ansiktsmask","tag-halsa","tag-skonhtet"],"_links":{"self":[{"href":"https:\/\/blogg.improveme.se\/marieoddsson\/wp-json\/wp\/v2\/posts\/1007","targetHints":{"allow":["GET"]}}],"collection":[{"href":"https:\/\/blogg.improveme.se\/marieoddsson\/wp-json\/wp\/v2\/posts"}],"about":[{"href":"https:\/\/blogg.improveme.se\/marieoddsson\/wp-json\/wp\/v2\/types\/post"}],"author":[{"embeddable":true,"href":"https:\/\/blogg.improveme.se\/marieoddsson\/wp-json\/wp\/v2\/users\/9656"}],"replies":[{"embeddable":true,"href":"https:\/\/blogg.improveme.se\/marieoddsson\/wp-json\/wp\/v2\/comments?post=1007"}],"version-history":[{"count":0,"href":"https:\/\/blogg.improveme.se\/marieoddsson\/wp-json\/wp\/v2\/posts\/1007\/revisions"}],"wp:attachment":[{"href":"https:\/\/blogg.improveme.se\/marieoddsson\/wp-json\/wp\/v2\/media?parent=1007"}],"wp:term":[{"taxonomy":"category","embeddable":true,"href":"https:\/\/blogg.improveme.se\/marieoddsson\/wp-json\/wp\/v2\/categories?post=1007"},{"taxonomy":"post_tag","embeddable":true,"href":"https:\/\/blogg.improveme.se\/marieoddsson\/wp-json\/wp\/v2\/tags?post=1007"}],"curies":[{"name":"wp","href":"https:\/\/api.w.org\/{rel}","templated":true}]}}