{"id":1024,"date":"2015-04-29T18:47:22","date_gmt":"2015-04-29T16:47:22","guid":{"rendered":"http:\/\/blogg.improveme.se\/marieoddsson\/?p=1024"},"modified":"2015-04-29T18:47:22","modified_gmt":"2015-04-29T16:47:22","slug":"sthlm-beauty-week","status":"publish","type":"post","link":"https:\/\/blogg.improveme.se\/marieoddsson\/2015\/04\/29\/sthlm-beauty-week\/","title":{"rendered":"Sthlm beauty week"},"content":{"rendered":"<p>Kom \u00e4ntligen iv\u00e4g p\u00e5 Sthlm Beauty Week, sista dagen i dag. Jag hade anm\u00e4lt mig f\u00f6r att lyssna p\u00e5 Linda Myrberg en av Skandinaviens fr\u00e4msta spa och h\u00e4lsoexperter som ber\u00e4ttade om globala spa- och wellnesstrender som b\u00f6rjar ta form 2015. Mycket handlade om att g\u00f6ra det ute i naturen, basta i naturen, bada i naturen, motionera i naturen att bejaka moder jord kort och gott. Det fanns en himla massa bastusorter som hon varmt pratade om. En intressant variant som var helt ny f\u00f6r mig var den infrar\u00f6da bastun.<\/p>\n<p><a href=\"http:\/\/blogg.improveme.se\/marieoddsson\/files\/2015\/04\/IMG_00191-e1430324292479.jpg\"><img loading=\"lazy\" decoding=\"async\" class=\"aligncenter size-large wp-image-1022\" src=\"http:\/\/blogg.improveme.se\/marieoddsson\/files\/2015\/04\/IMG_00191-755x566.jpg\" alt=\"IMG_0019[1]\" width=\"755\" height=\"566\" \/><\/a><\/p>\n<p>Det ska tydligen kunna bli mycket varmt i denna typ av bastu. Sj\u00e4lvklart \u00e4r det bra f\u00f6r huden som f\u00e5r ig\u00e5ng cirkulationen och svettningen som blir som en naturlig detox.<\/p>\n<p>Om man googlar p\u00e5 infrar\u00f6d bastu s\u00e5 kommer det upp en massa olika h\u00e4lsofr\u00e4mjande effekter bl.a.<\/p>\n<p><strong>1. Infrar\u00f6d bastu f\u00f6rb\u00e4ttrar immunf\u00f6rsvaret.<\/strong><\/p>\n<p><strong>2. Infrar\u00f6d bastu f\u00f6rb\u00e4ttrar Hj\u00e4rt-och k\u00e4rlverksamheten.<\/strong><\/p>\n<p><strong>3. Du f\u00f6rbr\u00e4nner mer fett och kalorier i en infrar\u00f6d bastu.<\/strong><\/p>\n<p><strong>4. Infrar\u00f6d bastu tar bort tungmetaller ur kroppen<\/strong><\/p>\n<p><strong>5. Infrar\u00f6d bastu ger \u00f6kad fettf\u00f6rbr\u00e4nning och viktminskning<\/strong><\/p>\n<p><strong>6. \u00a0Du f\u00e5r b\u00e4ttre hud med infrar\u00f6d bastu<\/strong><\/p>\n<p><strong>7. Infrar\u00f6d bastu lindrar kronisk sm\u00e4rta och fibromyalgi<\/strong><\/p>\n<p><strong>8. Effektiv\u00a0utrensning och Detox sker med andra ord i en Infrar\u00f6d bastu!<\/strong><\/p>\n<p><strong>9. Infrar\u00f6d bastu bad m\u00f6jligg\u00f6r avslappning<\/strong><\/p>\n<p>Linda Myrberg sa \u00e4ven att det skulle l\u00e4ka vissa hudsjukdomar, vilka fick vi ingen klarhet i. Doftade ocks\u00e5 p\u00e5 en fransk serie som heter Les Senteurs Gourmandes, pure extract of authenticity som det stod i broschyren.<\/p>\n<p><a href=\"http:\/\/blogg.improveme.se\/marieoddsson\/files\/2015\/04\/IMG_00171-e1430324253287.jpg\"><img loading=\"lazy\" decoding=\"async\" class=\"aligncenter size-large wp-image-1023\" src=\"http:\/\/blogg.improveme.se\/marieoddsson\/files\/2015\/04\/IMG_00171-755x566.jpg\" alt=\"IMG_0017[1]\" width=\"755\" height=\"566\" \/><\/a><\/p>\n<p>Eventet var trevligt med naturliga &amp; ekologiska produkter f\u00f6r b\u00e5de insidan och utsidan, fr\u00e5n topp till t\u00e5. S\u00e5 Sthlm beauty week ser vi s\u00e4kert n\u00e4sta \u00e5r igen.<\/p>\n<p>&nbsp;<\/p>\n","protected":false},"excerpt":{"rendered":"<p>Kom \u00e4ntligen iv\u00e4g p\u00e5 Sthlm Beauty Week, sista dagen i dag. Jag hade anm\u00e4lt mig f\u00f6r att lyssna p\u00e5 Linda Myrberg en av Skandinaviens fr\u00e4msta spa och h\u00e4lsoexperter som ber\u00e4ttade om globala spa- och wellnesstrender som b\u00f6rjar ta form 2015. Mycket handlade om att g\u00f6ra det ute i naturen, basta i naturen, bada i naturen, &#8230; <a title=\"Sthlm beauty week\" class=\"read-more\" href=\"https:\/\/blogg.improveme.se\/marieoddsson\/2015\/04\/29\/sthlm-beauty-week\/\" aria-label=\"L\u00e4s mer om Sthlm beauty week\">L\u00e4s mer<\/a><\/p>\n","protected":false},"author":9656,"featured_media":0,"comment_status":"open","ping_status":"open","sticky":false,"template":"","format":"standard","meta":{"footnotes":""},"categories":[1],"tags":[3,10,262],"class_list":["post-1024","post","type-post","status-publish","format-standard","hentry","category-okategoriserad","tag-halsa","tag-hud","tag-infrarod-bastu"],"_links":{"self":[{"href":"https:\/\/blogg.improveme.se\/marieoddsson\/wp-json\/wp\/v2\/posts\/1024","targetHints":{"allow":["GET"]}}],"collection":[{"href":"https:\/\/blogg.improveme.se\/marieoddsson\/wp-json\/wp\/v2\/posts"}],"about":[{"href":"https:\/\/blogg.improveme.se\/marieoddsson\/wp-json\/wp\/v2\/types\/post"}],"author":[{"embeddable":true,"href":"https:\/\/blogg.improveme.se\/marieoddsson\/wp-json\/wp\/v2\/users\/9656"}],"replies":[{"embeddable":true,"href":"https:\/\/blogg.improveme.se\/marieoddsson\/wp-json\/wp\/v2\/comments?post=1024"}],"version-history":[{"count":0,"href":"https:\/\/blogg.improveme.se\/marieoddsson\/wp-json\/wp\/v2\/posts\/1024\/revisions"}],"wp:attachment":[{"href":"https:\/\/blogg.improveme.se\/marieoddsson\/wp-json\/wp\/v2\/media?parent=1024"}],"wp:term":[{"taxonomy":"category","embeddable":true,"href":"https:\/\/blogg.improveme.se\/marieoddsson\/wp-json\/wp\/v2\/categories?post=1024"},{"taxonomy":"post_tag","embeddable":true,"href":"https:\/\/blogg.improveme.se\/marieoddsson\/wp-json\/wp\/v2\/tags?post=1024"}],"curies":[{"name":"wp","href":"https:\/\/api.w.org\/{rel}","templated":true}]}}