{"id":1033,"date":"2015-05-04T12:12:44","date_gmt":"2015-05-04T10:12:44","guid":{"rendered":"http:\/\/blogg.improveme.se\/marieoddsson\/?p=1033"},"modified":"2015-05-04T12:12:44","modified_gmt":"2015-05-04T10:12:44","slug":"pollensasong","status":"publish","type":"post","link":"https:\/\/blogg.improveme.se\/marieoddsson\/2015\/05\/04\/pollensasong\/","title":{"rendered":"Pollens\u00e4song"},"content":{"rendered":"<p>Nu \u00e4r \u00e4ntligen sommaren p\u00e5 v\u00e4g det k\u00e4nns i luften p\u00e5 n\u00e5got s\u00e4tt. Sj\u00e4lvklart s\u00e5 b\u00e5de h\u00f6rs (allt f\u00e5gelkitter) och syns det i naturen ocks\u00e5. Sj\u00e4lv kan jag bara njuta av denna s\u00e4song, men det kan inte alla g\u00f6ra. Pollenallergiker har det tv\u00e4rtom en ganska jobbig period framf\u00f6r sig.<\/p>\n<p><a href=\"http:\/\/blogg.improveme.se\/marieoddsson\/files\/2015\/05\/IMG_00431-e1430733440951.jpg\"><img loading=\"lazy\" decoding=\"async\" class=\"aligncenter size-large wp-image-1030\" src=\"http:\/\/blogg.improveme.se\/marieoddsson\/files\/2015\/05\/IMG_00431-755x566.jpg\" alt=\"IMG_0043[1]\" width=\"755\" height=\"566\" \/><\/a><\/p>\n<p>Pollenallergi, som ocks\u00e5 kallas f\u00f6r h\u00f6snuva, ger besv\u00e4r som n\u00e4st\u00e4ppa, rinnsnuva, r\u00f6da och kliande \u00f6gon. Besv\u00e4ren uppst\u00e5r n\u00e4r pollenkorn fastnar i n\u00e4sans och \u00f6gonens slemhinnor. Besv\u00e4ren kan variera stort beroende p\u00e5 hur mycket pollen som finns i luften till och vilken typ av pollen. Det v\u00e4rsta \u00e4r att pollens\u00e4songen \u00e4r ganska l\u00e5ng ocks\u00e5 fr\u00e5n tidig v\u00e5r till sen h\u00f6st.<\/p>\n<p>Symtom som en pollenallergiker kan f\u00e5 \u00e4r rinnande n\u00e4sa, som vattning snuva som kan v\u00e4xla till att n\u00e4san blir igent\u00e4ppt. \u00d6gonen \u00e4r en annan del som drabbas. R\u00f6da, kliande och rinnande \u00f6gon \u00e4r vanligt, \u00e4ven att paritet runt \u00f6gonen svullnar upp. Som tur \u00e4r s\u00e5 finns det receptfria l\u00e4kemedel som verkar fungera riktigt bra.<\/p>\n<p>Jabushe\u00b4s Eye Lift <a href=\"www.jabushesweden.se\">Serum<\/a> f\u00e5r ig\u00e5ng cirkulationen fungerar avsv\u00e4llande och svalkande, helt perfekt f\u00f6r svullna \u00f6gon. F\u00f6rutom en mildare koncentration av QAL-100 (v\u00e4rlds patent) s\u00e5 finns det Eyeseryl en peptid som \u00e4r sammansatt av fyra naturliga aminosyror som motverkar bl.a. v\u00e4tskeansamlingar. Stamceller som f\u00f6rdr\u00f6jer \u00e5ldrandet och \u00f6kar vitaliteten i hudens egna stamceller.<\/p>\n<p><a href=\"http:\/\/blogg.improveme.se\/marieoddsson\/files\/2015\/05\/IMG_00501-e1430733995493.jpg\"><img loading=\"lazy\" decoding=\"async\" class=\"aligncenter size-large wp-image-1032\" src=\"http:\/\/blogg.improveme.se\/marieoddsson\/files\/2015\/05\/IMG_00501-755x566.jpg\" alt=\"IMG_0050[1]\" width=\"755\" height=\"566\" \/><\/a><\/p>\n<p>Om man sen har behov av att jobba lite mer med att minimera sina \u00e5lderstecken runt \u00f6gonen s\u00e5 kan man vid behov anv\u00e4nda Jabushe Eye Intensive Age Defense.<\/p>\n","protected":false},"excerpt":{"rendered":"<p>Nu \u00e4r \u00e4ntligen sommaren p\u00e5 v\u00e4g det k\u00e4nns i luften p\u00e5 n\u00e5got s\u00e4tt. Sj\u00e4lvklart s\u00e5 b\u00e5de h\u00f6rs (allt f\u00e5gelkitter) och syns det i naturen ocks\u00e5. Sj\u00e4lv kan jag bara njuta av denna s\u00e4song, men det kan inte alla g\u00f6ra. Pollenallergiker har det tv\u00e4rtom en ganska jobbig period framf\u00f6r sig. Pollenallergi, som ocks\u00e5 kallas f\u00f6r h\u00f6snuva, &#8230; <a title=\"Pollens\u00e4song\" class=\"read-more\" href=\"https:\/\/blogg.improveme.se\/marieoddsson\/2015\/05\/04\/pollensasong\/\" aria-label=\"L\u00e4s mer om Pollens\u00e4song\">L\u00e4s mer<\/a><\/p>\n","protected":false},"author":9656,"featured_media":0,"comment_status":"open","ping_status":"open","sticky":false,"template":"","format":"standard","meta":{"footnotes":""},"categories":[1],"tags":[3,479,14,264],"class_list":["post-1033","post","type-post","status-publish","format-standard","hentry","category-okategoriserad","tag-halsa","tag-hudvard","tag-jabushe","tag-pollen"],"_links":{"self":[{"href":"https:\/\/blogg.improveme.se\/marieoddsson\/wp-json\/wp\/v2\/posts\/1033","targetHints":{"allow":["GET"]}}],"collection":[{"href":"https:\/\/blogg.improveme.se\/marieoddsson\/wp-json\/wp\/v2\/posts"}],"about":[{"href":"https:\/\/blogg.improveme.se\/marieoddsson\/wp-json\/wp\/v2\/types\/post"}],"author":[{"embeddable":true,"href":"https:\/\/blogg.improveme.se\/marieoddsson\/wp-json\/wp\/v2\/users\/9656"}],"replies":[{"embeddable":true,"href":"https:\/\/blogg.improveme.se\/marieoddsson\/wp-json\/wp\/v2\/comments?post=1033"}],"version-history":[{"count":0,"href":"https:\/\/blogg.improveme.se\/marieoddsson\/wp-json\/wp\/v2\/posts\/1033\/revisions"}],"wp:attachment":[{"href":"https:\/\/blogg.improveme.se\/marieoddsson\/wp-json\/wp\/v2\/media?parent=1033"}],"wp:term":[{"taxonomy":"category","embeddable":true,"href":"https:\/\/blogg.improveme.se\/marieoddsson\/wp-json\/wp\/v2\/categories?post=1033"},{"taxonomy":"post_tag","embeddable":true,"href":"https:\/\/blogg.improveme.se\/marieoddsson\/wp-json\/wp\/v2\/tags?post=1033"}],"curies":[{"name":"wp","href":"https:\/\/api.w.org\/{rel}","templated":true}]}}