{"id":1068,"date":"2015-05-18T14:41:36","date_gmt":"2015-05-18T12:41:36","guid":{"rendered":"http:\/\/blogg.improveme.se\/marieoddsson\/?p=1068"},"modified":"2015-05-20T10:20:04","modified_gmt":"2015-05-20T08:20:04","slug":"till-tandhygeinisten","status":"publish","type":"post","link":"https:\/\/blogg.improveme.se\/marieoddsson\/2015\/05\/18\/till-tandhygeinisten\/","title":{"rendered":"Till tandhygeinisten"},"content":{"rendered":"<p>I dag har jag varit hos min tandhygienist, Monika Larsson, hon \u00e4r s\u00e5 otroligt skicklig p\u00e5 det hon g\u00f6r. En tandhygienist \u00e4r en person som arbetar med f\u00f6rebyggande tandv\u00e5rd, det vill s\u00e4ga s\u00e5 att man inte ska f\u00e5 problem med sina t\u00e4nder. Ofta samarbetar de med tandl\u00e4kare. Man f\u00e5r en grundlig reng\u00f6ring i hela munnen d\u00e5 det tar bort tandsten och plack Det g\u00f6r rent mellan t\u00e4nderna med stickor och tandtr\u00e5d och m\u00e5nga andra instrument. Viktigt \u00e4r att f\u00e5 veta om man har karies eller tandlossning. F\u00f6r just tandlossning\/Parodontit \u00e4r en samling inflammationssjukdomar som p\u00e5verkar bindv\u00e4ven runtom v\u00e5ra t\u00e4nder, som g\u00f6r att vi i slut\u00e4ndan tappar dem om vi inte behandlar i tid. Enligt min tandhygienist Monica s\u00e5 \u00e4r det f\u00f6rh\u00e5llandevis vanligt med folk som har tandlossning. Inte ovanligt \u00e4r att flera av dem \u00e4r h\u00f6gutbildade och intelligenta, men ingen koll p\u00e5 sin munhygien?! Jag vet att m\u00e5nga inte heller gillar att g\u00e5 till varken tandhygienister eller tandl\u00e4kare f\u00f6r att det \u00e4r r\u00e4dda, tycker det g\u00f6r ont eller \u00e4r allm\u00e4nt obehagligt. Sj\u00e4lv tycker jag att det \u00e4r s\u00e5 sk\u00f6nt och fram f\u00f6r allt k\u00e4nns det som om jag har f\u00e5tt en ny mun n\u00e4r jag \u00e4r f\u00e4rdig.<\/p>\n<p><a href=\"http:\/\/blogg.improveme.se\/marieoddsson\/files\/2015\/05\/IMG_01131-e1431951429775.jpg\"><img loading=\"lazy\" decoding=\"async\" class=\"aligncenter size-large wp-image-1067\" src=\"http:\/\/blogg.improveme.se\/marieoddsson\/files\/2015\/05\/IMG_01131-755x566.jpg\" alt=\"IMG_0113[1]\" width=\"755\" height=\"566\" \/><\/a><\/p>\n<p>De tr\u00e5kiga \u00e4r att det \u00e4r m\u00e5nga i dag som inte har r\u00e5d med tandv\u00e5rd. M\u00e5nga g\u00e5r heller inte regelbundet f\u00f6r att f\u00f6rebygga sina problem. S\u00e5 n\u00e4r de v\u00e4l kommer iv\u00e4g s\u00e5 har problemet blivit stort och kostnaden \u00e4nnu st\u00f6rre, f\u00f6r tandv\u00e5rd kan bli riktigt dyrt om man inte har koll p\u00e5 sin munhygien.<\/p>\n<p>Tandhygienistyrket \u00e4r ett legitimerat yrke sedan 1991, kravet \u00e4r en tv\u00e5\u00e5rig h\u00f6gskoleutbildning som leder fram till en yrkesexamen. M\u00e5nga h\u00f6gskolor erbjuder \u00e4ven ett tredje \u00e5r, vilket ger en kandidatexamen i oral h\u00e4lsa. I framtiden \u00e4r det m\u00f6jligt att tandhygienisten f\u00e5r en st\u00f6rre betydelse inom tandv\u00e5rden, eftersom en tandl\u00e4karbrist \u00e4r f\u00f6rv\u00e4ntad.<\/p>\n<p><a href=\"http:\/\/blogg.improveme.se\/marieoddsson\/files\/2015\/05\/IMG_01151-e1431952571399.jpg\"><img loading=\"lazy\" decoding=\"async\" class=\"aligncenter wp-image-1066 size-full\" src=\"http:\/\/blogg.improveme.se\/marieoddsson\/files\/2015\/05\/IMG_01151-e1431952571399.jpg\" alt=\"IMG_0115[1]\" width=\"733\" height=\"550\" srcset=\"https:\/\/blogg.improveme.se\/marieoddsson\/files\/2015\/05\/IMG_01151-e1431952571399.jpg 733w, https:\/\/blogg.improveme.se\/marieoddsson\/files\/2015\/05\/IMG_01151-e1431952571399-300x225.jpg 300w\" sizes=\"auto, (max-width: 733px) 100vw, 733px\" \/><\/a><\/p>\n<p>Monica kan s\u00e5 mycket mer efter s\u00e5 m\u00e5nga \u00e5r i yrket. Sj\u00e4lv fick jag betyg \u2013 v\u00e4l godk\u00e4nt av Monica idag. S\u00e5 ha koll p\u00e5 din munhygien, det l\u00f6nar sig! Om du vill ha den b\u00e4sta tandhygienisten som finns, s\u00e5 ring till Monica p\u00e5\u00a008-662 28 56 och best\u00e4ll tid.<\/p>\n<p>&nbsp;<\/p>\n<p><strong>\u00a0<\/strong><\/p>\n","protected":false},"excerpt":{"rendered":"<p>I dag har jag varit hos min tandhygienist, Monika Larsson, hon \u00e4r s\u00e5 otroligt skicklig p\u00e5 det hon g\u00f6r. En tandhygienist \u00e4r en person som arbetar med f\u00f6rebyggande tandv\u00e5rd, det vill s\u00e4ga s\u00e5 att man inte ska f\u00e5 problem med sina t\u00e4nder. Ofta samarbetar de med tandl\u00e4kare. Man f\u00e5r en grundlig reng\u00f6ring i hela munnen &#8230; <a title=\"Till tandhygeinisten\" class=\"read-more\" href=\"https:\/\/blogg.improveme.se\/marieoddsson\/2015\/05\/18\/till-tandhygeinisten\/\" aria-label=\"L\u00e4s mer om Till tandhygeinisten\">L\u00e4s mer<\/a><\/p>\n","protected":false},"author":9656,"featured_media":0,"comment_status":"open","ping_status":"open","sticky":false,"template":"","format":"standard","meta":{"footnotes":""},"categories":[1],"tags":[3,273,272],"class_list":["post-1068","post","type-post","status-publish","format-standard","hentry","category-okategoriserad","tag-halsa","tag-tandhygeinist","tag-tandvard"],"_links":{"self":[{"href":"https:\/\/blogg.improveme.se\/marieoddsson\/wp-json\/wp\/v2\/posts\/1068","targetHints":{"allow":["GET"]}}],"collection":[{"href":"https:\/\/blogg.improveme.se\/marieoddsson\/wp-json\/wp\/v2\/posts"}],"about":[{"href":"https:\/\/blogg.improveme.se\/marieoddsson\/wp-json\/wp\/v2\/types\/post"}],"author":[{"embeddable":true,"href":"https:\/\/blogg.improveme.se\/marieoddsson\/wp-json\/wp\/v2\/users\/9656"}],"replies":[{"embeddable":true,"href":"https:\/\/blogg.improveme.se\/marieoddsson\/wp-json\/wp\/v2\/comments?post=1068"}],"version-history":[{"count":0,"href":"https:\/\/blogg.improveme.se\/marieoddsson\/wp-json\/wp\/v2\/posts\/1068\/revisions"}],"wp:attachment":[{"href":"https:\/\/blogg.improveme.se\/marieoddsson\/wp-json\/wp\/v2\/media?parent=1068"}],"wp:term":[{"taxonomy":"category","embeddable":true,"href":"https:\/\/blogg.improveme.se\/marieoddsson\/wp-json\/wp\/v2\/categories?post=1068"},{"taxonomy":"post_tag","embeddable":true,"href":"https:\/\/blogg.improveme.se\/marieoddsson\/wp-json\/wp\/v2\/tags?post=1068"}],"curies":[{"name":"wp","href":"https:\/\/api.w.org\/{rel}","templated":true}]}}