{"id":1087,"date":"2015-05-22T10:38:02","date_gmt":"2015-05-22T08:38:02","guid":{"rendered":"http:\/\/blogg.improveme.se\/marieoddsson\/?p=1087"},"modified":"2015-05-22T10:38:02","modified_gmt":"2015-05-22T08:38:02","slug":"lugg","status":"publish","type":"post","link":"https:\/\/blogg.improveme.se\/marieoddsson\/2015\/05\/22\/lugg\/","title":{"rendered":"Lugg"},"content":{"rendered":"<p>Jag \u00e4r nog f\u00f6dd med lugg, n\u00e4stan i alla fall. En gammal v\u00e4n satte in en bild p\u00e5 FB n\u00e4r vi jobbade i baren tillsammans p\u00e5 glada 80-talet. Jag slogs d\u00e5 av att jag har i princip haft samma frisyr i decenier?!??!. Jag har har haft luggen kortare, l\u00e4ngre, uppklippt, snedklippt och fel klippt f\u00f6r den delen ocks\u00e5. Det g\u00e4ller f\u00f6r mitt \u00f6vriga h\u00e5r ocks\u00e5. Ofta f\u00e5r man klippa luggen en till ett par g\u00e5nger innan det \u00e4r dags att g\u00e5 till fris\u00f6ren igen. N\u00e4r luggen har n\u00e5tt fram till brynen \u00e4r en bra riktlinje om man vill ha en mjukare look, d\u00e5 g\u00e4ller \u00e4ven att du har rundade h\u00f6rn vid luggen. Vilken luggtyp \u00e4r du?<\/p>\n<p><a href=\"http:\/\/blogg.improveme.se\/marieoddsson\/files\/2015\/05\/10422247_478039835678501_7658331929751834672_n-e1432283692399.jpg\"><img loading=\"lazy\" decoding=\"async\" class=\"aligncenter size-full wp-image-1086\" src=\"http:\/\/blogg.improveme.se\/marieoddsson\/files\/2015\/05\/10422247_478039835678501_7658331929751834672_n-e1432283692399.jpg\" alt=\"10422247_478039835678501_7658331929751834672_n\" width=\"178\" height=\"550\" \/><\/a><\/p>\n<p>Snart \u00e4r det dags f\u00f6r mig att klippa och l\u00e4gga in lite slingor till sommaren. Slingor i luggen tycker jag \u00e4r snyggt, det g\u00f6r den mer \u201dlevande\u201d. Fram till dess f\u00e5r jag g\u00e5 hem och l\u00e4gga en h\u00e5rmask\/inpackning fr\u00e5n Lernberger Stafsing som g\u00f6r att mitt h\u00e5r k\u00e4nns som nytt igen och fram f\u00f6r allt ger det en fin lyster.<\/p>\n<p><a href=\"http:\/\/blogg.improveme.se\/marieoddsson\/files\/2015\/05\/IMG_01421-e1432283621490.jpg\"><img loading=\"lazy\" decoding=\"async\" class=\"aligncenter size-large wp-image-1085\" src=\"http:\/\/blogg.improveme.se\/marieoddsson\/files\/2015\/05\/IMG_01421-755x566.jpg\" alt=\"IMG_0142[1]\" width=\"755\" height=\"566\" \/><\/a><\/p>\n<p>Trevlig helg!<\/p>\n","protected":false},"excerpt":{"rendered":"<p>Jag \u00e4r nog f\u00f6dd med lugg, n\u00e4stan i alla fall. En gammal v\u00e4n satte in en bild p\u00e5 FB n\u00e4r vi jobbade i baren tillsammans p\u00e5 glada 80-talet. Jag slogs d\u00e5 av att jag har i princip haft samma frisyr i decenier?!??!. Jag har har haft luggen kortare, l\u00e4ngre, uppklippt, snedklippt och fel klippt f\u00f6r &#8230; <a title=\"Lugg\" class=\"read-more\" href=\"https:\/\/blogg.improveme.se\/marieoddsson\/2015\/05\/22\/lugg\/\" aria-label=\"L\u00e4s mer om Lugg\">L\u00e4s mer<\/a><\/p>\n","protected":false},"author":9656,"featured_media":0,"comment_status":"open","ping_status":"open","sticky":false,"template":"","format":"standard","meta":{"footnotes":""},"categories":[1],"tags":[3,142,280],"class_list":["post-1087","post","type-post","status-publish","format-standard","hentry","category-okategoriserad","tag-halsa","tag-har","tag-lugg"],"_links":{"self":[{"href":"https:\/\/blogg.improveme.se\/marieoddsson\/wp-json\/wp\/v2\/posts\/1087","targetHints":{"allow":["GET"]}}],"collection":[{"href":"https:\/\/blogg.improveme.se\/marieoddsson\/wp-json\/wp\/v2\/posts"}],"about":[{"href":"https:\/\/blogg.improveme.se\/marieoddsson\/wp-json\/wp\/v2\/types\/post"}],"author":[{"embeddable":true,"href":"https:\/\/blogg.improveme.se\/marieoddsson\/wp-json\/wp\/v2\/users\/9656"}],"replies":[{"embeddable":true,"href":"https:\/\/blogg.improveme.se\/marieoddsson\/wp-json\/wp\/v2\/comments?post=1087"}],"version-history":[{"count":0,"href":"https:\/\/blogg.improveme.se\/marieoddsson\/wp-json\/wp\/v2\/posts\/1087\/revisions"}],"wp:attachment":[{"href":"https:\/\/blogg.improveme.se\/marieoddsson\/wp-json\/wp\/v2\/media?parent=1087"}],"wp:term":[{"taxonomy":"category","embeddable":true,"href":"https:\/\/blogg.improveme.se\/marieoddsson\/wp-json\/wp\/v2\/categories?post=1087"},{"taxonomy":"post_tag","embeddable":true,"href":"https:\/\/blogg.improveme.se\/marieoddsson\/wp-json\/wp\/v2\/tags?post=1087"}],"curies":[{"name":"wp","href":"https:\/\/api.w.org\/{rel}","templated":true}]}}