{"id":1100,"date":"2015-05-28T09:48:40","date_gmt":"2015-05-28T07:48:40","guid":{"rendered":"http:\/\/blogg.improveme.se\/marieoddsson\/?p=1100"},"modified":"2015-05-28T09:48:40","modified_gmt":"2015-05-28T07:48:40","slug":"dekolletaget","status":"publish","type":"post","link":"https:\/\/blogg.improveme.se\/marieoddsson\/2015\/05\/28\/dekolletaget\/","title":{"rendered":"Dekolletaget"},"content":{"rendered":"<p>Vad h\u00e4nde med v\u00e5rt dekolletage? N\u00e4r jag utbildade mig f\u00f6r m\u00e5nga \u00e5r sen s\u00e5 fanns det en hel del byst och dekolletage kr\u00e4mer. Det fanns ocks\u00e5 behandlingar just f\u00f6r detta omr\u00e5de. Speciella massager, apparater och serum samt kr\u00e4mer. Jag kom ih\u00e5g att vi l\u00e4rde studenterna Darhpin\u00b4s bystbehandling d\u00e4r man varsamt masserade detta omr\u00e5de inklusive bysten. Den avslutades med en speciell mask och en slags gasv\u00e4v som skulle h\u00e5lla allt p\u00e5 plats. Resultatet blev en n\u00e5got fastare hud med fantastisk lyster. Clarins hade en speciell \u201dstrut\u201d som man kopplade p\u00e5 direkt p\u00e5 kranen i badrummet. Den satte man sen \u00f6ver ena br\u00f6stet i taget och som \u00f6msom sprutade\u00a0 kallt och varmt vatten, detta f\u00f6r att huden skulle dra ihop sig. Sj\u00e4lvklart hade de ocks\u00e5 speciella bystprodukter som skulle appliceras p\u00e5\u00a0efter konstens alla regler. \u00c4ven h\u00e4r s\u00e5 blev huden n\u00e5got sl\u00e4tare och med en fin lyster.<\/p>\n<p>Dekolletaget \u00e4r ett k\u00e4nsligt omr\u00e5de som ofta \u00e4r utsatt och som ofta gl\u00f6ms bort. K\u00e4nner redan att jag borde sk\u00e4mma bort den delen av kroppen lite mer.<\/p>\n<p><a href=\"http:\/\/blogg.improveme.se\/marieoddsson\/files\/2015\/05\/IMG_01841-e1432798823530.jpg\"><img loading=\"lazy\" decoding=\"async\" class=\"aligncenter wp-image-1099 size-full\" src=\"http:\/\/blogg.improveme.se\/marieoddsson\/files\/2015\/05\/IMG_01841-e1432798823530.jpg\" alt=\"IMG_0184[1]\" width=\"733\" height=\"550\" srcset=\"https:\/\/blogg.improveme.se\/marieoddsson\/files\/2015\/05\/IMG_01841-e1432798823530.jpg 733w, https:\/\/blogg.improveme.se\/marieoddsson\/files\/2015\/05\/IMG_01841-e1432798823530-300x225.jpg 300w\" sizes=\"auto, (max-width: 733px) 100vw, 733px\" \/><\/a><\/p>\n<p>Ansiktet \u00e4r vi rent generellt ganska duktiga p\u00e5 att ta hand om och i viss m\u00e5n halsen, men dekolletaget gl\u00f6ms ofta bort. Men det syns ett litet ljus i tunneln f\u00f6r sen ett tag tillbaka s\u00e5 finns det faktiskt b\u00e5de produkter och behandlingar p\u00e5 marknaden igen. B\u00e5de laser behandlingar som ska strama upp huden igen, ta bort pigment och g\u00f6ra dina linjer\/rynkor mindre synliga. Sen finns det ocks\u00e5 rena fuktinjektioner som \u00e5terfuktar och skyddar mot \u00e5lderstecken. I Europa \u00e4r kvinnorna duktigare p\u00e5 att ta hand om ditt dekolletage, kanske beror det p\u00e5 att det visar mer hud i sina djupa urringningar. Kvinnligt \u00e4r det i alla fall med ett vackert dekolletage som ramas in i en vacker kl\u00e4nning eller sjal.<\/p>\n","protected":false},"excerpt":{"rendered":"<p>Vad h\u00e4nde med v\u00e5rt dekolletage? N\u00e4r jag utbildade mig f\u00f6r m\u00e5nga \u00e5r sen s\u00e5 fanns det en hel del byst och dekolletage kr\u00e4mer. Det fanns ocks\u00e5 behandlingar just f\u00f6r detta omr\u00e5de. Speciella massager, apparater och serum samt kr\u00e4mer. Jag kom ih\u00e5g att vi l\u00e4rde studenterna Darhpin\u00b4s bystbehandling d\u00e4r man varsamt masserade detta omr\u00e5de inklusive bysten. &#8230; <a title=\"Dekolletaget\" class=\"read-more\" href=\"https:\/\/blogg.improveme.se\/marieoddsson\/2015\/05\/28\/dekolletaget\/\" aria-label=\"L\u00e4s mer om Dekolletaget\">L\u00e4s mer<\/a><\/p>\n","protected":false},"author":9656,"featured_media":0,"comment_status":"open","ping_status":"open","sticky":false,"template":"","format":"standard","meta":{"footnotes":""},"categories":[1],"tags":[222,283,3,479],"class_list":["post-1100","post","type-post","status-publish","format-standard","hentry","category-okategoriserad","tag-antiage","tag-dekolltaget","tag-halsa","tag-hudvard"],"_links":{"self":[{"href":"https:\/\/blogg.improveme.se\/marieoddsson\/wp-json\/wp\/v2\/posts\/1100","targetHints":{"allow":["GET"]}}],"collection":[{"href":"https:\/\/blogg.improveme.se\/marieoddsson\/wp-json\/wp\/v2\/posts"}],"about":[{"href":"https:\/\/blogg.improveme.se\/marieoddsson\/wp-json\/wp\/v2\/types\/post"}],"author":[{"embeddable":true,"href":"https:\/\/blogg.improveme.se\/marieoddsson\/wp-json\/wp\/v2\/users\/9656"}],"replies":[{"embeddable":true,"href":"https:\/\/blogg.improveme.se\/marieoddsson\/wp-json\/wp\/v2\/comments?post=1100"}],"version-history":[{"count":0,"href":"https:\/\/blogg.improveme.se\/marieoddsson\/wp-json\/wp\/v2\/posts\/1100\/revisions"}],"wp:attachment":[{"href":"https:\/\/blogg.improveme.se\/marieoddsson\/wp-json\/wp\/v2\/media?parent=1100"}],"wp:term":[{"taxonomy":"category","embeddable":true,"href":"https:\/\/blogg.improveme.se\/marieoddsson\/wp-json\/wp\/v2\/categories?post=1100"},{"taxonomy":"post_tag","embeddable":true,"href":"https:\/\/blogg.improveme.se\/marieoddsson\/wp-json\/wp\/v2\/tags?post=1100"}],"curies":[{"name":"wp","href":"https:\/\/api.w.org\/{rel}","templated":true}]}}