{"id":1121,"date":"2015-06-05T09:18:46","date_gmt":"2015-06-05T07:18:46","guid":{"rendered":"http:\/\/blogg.improveme.se\/marieoddsson\/?p=1121"},"modified":"2015-06-05T09:18:46","modified_gmt":"2015-06-05T07:18:46","slug":"fredag","status":"publish","type":"post","link":"https:\/\/blogg.improveme.se\/marieoddsson\/2015\/06\/05\/fredag\/","title":{"rendered":"Fredag"},"content":{"rendered":"<p>\u00c4ntligen fredag, det k\u00e4nns helt annorlunda n\u00e4r man \u00e4r p\u00e5 v\u00e4g till jobbet en fredag, j\u00e4mf\u00f6rt med de \u00f6vriga vardagarna. Folk \u00e4r mer glada, f\u00f6rv\u00e4ntansfulla och ofta piffat till sig lite mer en vanligt. Med det fantastiska v\u00e4dret som jag vaknade till s\u00e5 kommer det att vara fullsatt p\u00e5 alla uteserveringar innan lunch. I dag var dessutom tunnelbanan full med finkl\u00e4dda studenter, det blir man ocks\u00e5 glad av, f\u00f6rv\u00e4ntansfulla ungdomar som l\u00e4ngtar ut i livet. Sj\u00e4lv tycker jag ocks\u00e5 att det \u00e4r sk\u00f6nt med fredagar rent generellt, ofta \u00e4r man ledig \u00f6ver helgen och kan koppla av. Samtidigt s\u00e5 tycker jag att veckorna g\u00e5r s\u00e5 fort, herre gud! \u00e4r det fredag nu igen!? Tiden har en tendens att flyga fram utan att ta h\u00e4nsyn till oss runtomkring. Som tur \u00e4r s\u00e5 \u00e4r tiden r\u00e4ttvist f\u00f6rdelad, vi har alla f\u00e5tt 24 timmar per dygn till v\u00e5rt f\u00f6rfogande. S\u00e5 jag ska verkligen f\u00f6rs\u00f6ka att utnyttja mina timmar p\u00e5 b\u00e4sta s\u00e4tt denna helg. Hoppas att du ocks\u00e5 f\u00e5r ut max av dina timmar och du gl\u00f6m inte solglas\u00f6gon och n\u00e5gon form av solskydd, solen \u00e4r stark nu.<br \/>\n<a href=\"http:\/\/blogg.improveme.se\/marieoddsson\/files\/2015\/06\/IMG_02071-e1433488516297.jpg\"><img loading=\"lazy\" decoding=\"async\" src=\"http:\/\/blogg.improveme.se\/marieoddsson\/files\/2015\/06\/IMG_02071-755x566.jpg\" alt=\"IMG_0207[1]\" width=\"755\" height=\"566\" class=\"aligncenter size-large wp-image-1120\" \/><\/a><br \/>\nTrevlig helg!<\/p>\n","protected":false},"excerpt":{"rendered":"<p>\u00c4ntligen fredag, det k\u00e4nns helt annorlunda n\u00e4r man \u00e4r p\u00e5 v\u00e4g till jobbet en fredag, j\u00e4mf\u00f6rt med de \u00f6vriga vardagarna. Folk \u00e4r mer glada, f\u00f6rv\u00e4ntansfulla och ofta piffat till sig lite mer en vanligt. Med det fantastiska v\u00e4dret som jag vaknade till s\u00e5 kommer det att vara fullsatt p\u00e5 alla uteserveringar innan lunch. I dag &#8230; <a title=\"Fredag\" class=\"read-more\" href=\"https:\/\/blogg.improveme.se\/marieoddsson\/2015\/06\/05\/fredag\/\" aria-label=\"L\u00e4s mer om Fredag\">L\u00e4s mer<\/a><\/p>\n","protected":false},"author":9656,"featured_media":0,"comment_status":"open","ping_status":"open","sticky":false,"template":"","format":"standard","meta":{"footnotes":""},"categories":[1],"tags":[286,3,287,479],"class_list":["post-1121","post","type-post","status-publish","format-standard","hentry","category-okategoriserad","tag-fredag","tag-halsa","tag-helg","tag-hudvard"],"_links":{"self":[{"href":"https:\/\/blogg.improveme.se\/marieoddsson\/wp-json\/wp\/v2\/posts\/1121","targetHints":{"allow":["GET"]}}],"collection":[{"href":"https:\/\/blogg.improveme.se\/marieoddsson\/wp-json\/wp\/v2\/posts"}],"about":[{"href":"https:\/\/blogg.improveme.se\/marieoddsson\/wp-json\/wp\/v2\/types\/post"}],"author":[{"embeddable":true,"href":"https:\/\/blogg.improveme.se\/marieoddsson\/wp-json\/wp\/v2\/users\/9656"}],"replies":[{"embeddable":true,"href":"https:\/\/blogg.improveme.se\/marieoddsson\/wp-json\/wp\/v2\/comments?post=1121"}],"version-history":[{"count":0,"href":"https:\/\/blogg.improveme.se\/marieoddsson\/wp-json\/wp\/v2\/posts\/1121\/revisions"}],"wp:attachment":[{"href":"https:\/\/blogg.improveme.se\/marieoddsson\/wp-json\/wp\/v2\/media?parent=1121"}],"wp:term":[{"taxonomy":"category","embeddable":true,"href":"https:\/\/blogg.improveme.se\/marieoddsson\/wp-json\/wp\/v2\/categories?post=1121"},{"taxonomy":"post_tag","embeddable":true,"href":"https:\/\/blogg.improveme.se\/marieoddsson\/wp-json\/wp\/v2\/tags?post=1121"}],"curies":[{"name":"wp","href":"https:\/\/api.w.org\/{rel}","templated":true}]}}