{"id":1126,"date":"2015-06-08T13:48:30","date_gmt":"2015-06-08T11:48:30","guid":{"rendered":"http:\/\/blogg.improveme.se\/marieoddsson\/?p=1126"},"modified":"2015-06-08T13:59:30","modified_gmt":"2015-06-08T11:59:30","slug":"sommarhar","status":"publish","type":"post","link":"https:\/\/blogg.improveme.se\/marieoddsson\/2015\/06\/08\/sommarhar\/","title":{"rendered":"Sommarh\u00e5r"},"content":{"rendered":"<p>\u00c4r hos Catharina och ska fixa till min sommarfrisyr trots att sommaren lyser med sin fr\u00e5nvaro. Just nu \u00e4r mitt h\u00e5r lite f\u00f6r l\u00e5ngt, lite f\u00f6r torrt och lite f\u00f6r trist. Kanske dags f\u00f6r <a href=\"http:\/\/medicanord.se\/produkt\/hair-optimizer\/\" target=\"_blank\">Hair Optimizer<\/a>\u00a0<img loading=\"lazy\" decoding=\"async\" class=\"aligncenter wp-image-1125 size-full\" src=\"http:\/\/blogg.improveme.se\/marieoddsson\/files\/2015\/06\/IMG_02211-e1433762204750.jpg\" alt=\"IMG_0221[1]\" width=\"733\" height=\"550\" srcset=\"https:\/\/blogg.improveme.se\/marieoddsson\/files\/2015\/06\/IMG_02211-e1433762204750.jpg 733w, https:\/\/blogg.improveme.se\/marieoddsson\/files\/2015\/06\/IMG_02211-e1433762204750-300x225.jpg 300w\" sizes=\"auto, (max-width: 733px) 100vw, 733px\" \/><br \/>\nPratar lite om vad folk gillar just nu i h\u00e5rv\u00e4g. Catharina s\u00e4ger att det \u00e4r skillnad p\u00e5 vilken \u00e5ldersgrupp som \u00e4r m\u00e5let. Just nu \u00e4r det m\u00e5nga som gillar en m\u00f6rkare botten med ljusare toppar d\u00e5 man inte f\u00e4rgar \u00e4nda in. Man f\u00e4rgar n\u00e4stan en utv\u00e4xt nu till skillnad fr\u00e5n f\u00f6rr. \u00c4ven att utv\u00e4xten ska passa ihop med f\u00e4rgerna i \u00f6vrig \u00e4r viktigt.<br \/>\nT\u00e4nk, att fr\u00e5n att utv\u00e4xten tittade fram s\u00e5 sprang folk iv\u00e4g och f\u00e4rgade h\u00e5ret eller blekte nya slingor.N\u00f6dl\u00f6sningen var att s\u00e4tta upp h\u00e5ret i en svans eller knut. Nu \u00e4r det allts\u00e5 tv\u00e4rtom, man \u00e4r riktigt &#8221;trendig&#8221; om man har en utv\u00e4xt.<br \/>\nSitter nu i en climazon som ska se till och aktivera mina f\u00e4rger med v\u00e4rme.<br \/>\n<img loading=\"lazy\" decoding=\"async\" class=\"aligncenter wp-image-1124 size-full\" src=\"http:\/\/blogg.improveme.se\/marieoddsson\/files\/2015\/06\/IMG_02261-e1433761382475.jpg\" alt=\"IMG_0226[1]\" width=\"733\" height=\"550\" srcset=\"https:\/\/blogg.improveme.se\/marieoddsson\/files\/2015\/06\/IMG_02261-e1433761382475.jpg 733w, https:\/\/blogg.improveme.se\/marieoddsson\/files\/2015\/06\/IMG_02261-e1433761382475-300x225.jpg 300w\" sizes=\"auto, (max-width: 733px) 100vw, 733px\" \/><br \/>\nOch varmt \u00e4r det, samtidigt s\u00e5 k\u00e4nns det sk\u00f6nt med v\u00e4rme, f\u00f6r jag l\u00e4ngtar s\u00e5 efter sommar och sol.<br \/>\nDen h\u00e4r g\u00e5ngen f\u00e5r jag en djupare varm brun grundton, och sen f\u00e5r solen g\u00f6ra sitt l\u00e4gger Catharina till. S\u00e5 nu k\u00e4nner jag mig toppensnygg igen!<br \/>\n<img loading=\"lazy\" decoding=\"async\" class=\"aligncenter wp-image-1123 size-full\" src=\"http:\/\/blogg.improveme.se\/marieoddsson\/files\/2015\/06\/IMG_02301-e1433761283766.jpg\" alt=\"IMG_0230[1]\" width=\"733\" height=\"550\" srcset=\"https:\/\/blogg.improveme.se\/marieoddsson\/files\/2015\/06\/IMG_02301-e1433761283766.jpg 733w, https:\/\/blogg.improveme.se\/marieoddsson\/files\/2015\/06\/IMG_02301-e1433761283766-300x225.jpg 300w\" sizes=\"auto, (max-width: 733px) 100vw, 733px\" \/><br \/>\nFr\u00e5n ris till ros p\u00e5 bara tv\u00e5 timmar, tack Catharina!<\/p>\n","protected":false},"excerpt":{"rendered":"<p>\u00c4r hos Catharina och ska fixa till min sommarfrisyr trots att sommaren lyser med sin fr\u00e5nvaro. Just nu \u00e4r mitt h\u00e5r lite f\u00f6r l\u00e5ngt, lite f\u00f6r torrt och lite f\u00f6r trist. Kanske dags f\u00f6r Hair Optimizer\u00a0 Pratar lite om vad folk gillar just nu i h\u00e5rv\u00e4g. Catharina s\u00e4ger att det \u00e4r skillnad p\u00e5 vilken \u00e5ldersgrupp &#8230; <a title=\"Sommarh\u00e5r\" class=\"read-more\" href=\"https:\/\/blogg.improveme.se\/marieoddsson\/2015\/06\/08\/sommarhar\/\" aria-label=\"L\u00e4s mer om Sommarh\u00e5r\">L\u00e4s mer<\/a><\/p>\n","protected":false},"author":9656,"featured_media":0,"comment_status":"open","ping_status":"open","sticky":false,"template":"","format":"standard","meta":{"footnotes":""},"categories":[1],"tags":[3,142,288],"class_list":["post-1126","post","type-post","status-publish","format-standard","hentry","category-okategoriserad","tag-halsa","tag-har","tag-harioptemizer"],"_links":{"self":[{"href":"https:\/\/blogg.improveme.se\/marieoddsson\/wp-json\/wp\/v2\/posts\/1126","targetHints":{"allow":["GET"]}}],"collection":[{"href":"https:\/\/blogg.improveme.se\/marieoddsson\/wp-json\/wp\/v2\/posts"}],"about":[{"href":"https:\/\/blogg.improveme.se\/marieoddsson\/wp-json\/wp\/v2\/types\/post"}],"author":[{"embeddable":true,"href":"https:\/\/blogg.improveme.se\/marieoddsson\/wp-json\/wp\/v2\/users\/9656"}],"replies":[{"embeddable":true,"href":"https:\/\/blogg.improveme.se\/marieoddsson\/wp-json\/wp\/v2\/comments?post=1126"}],"version-history":[{"count":0,"href":"https:\/\/blogg.improveme.se\/marieoddsson\/wp-json\/wp\/v2\/posts\/1126\/revisions"}],"wp:attachment":[{"href":"https:\/\/blogg.improveme.se\/marieoddsson\/wp-json\/wp\/v2\/media?parent=1126"}],"wp:term":[{"taxonomy":"category","embeddable":true,"href":"https:\/\/blogg.improveme.se\/marieoddsson\/wp-json\/wp\/v2\/categories?post=1126"},{"taxonomy":"post_tag","embeddable":true,"href":"https:\/\/blogg.improveme.se\/marieoddsson\/wp-json\/wp\/v2\/tags?post=1126"}],"curies":[{"name":"wp","href":"https:\/\/api.w.org\/{rel}","templated":true}]}}