{"id":1137,"date":"2015-06-11T09:32:20","date_gmt":"2015-06-11T07:32:20","guid":{"rendered":"http:\/\/blogg.improveme.se\/marieoddsson\/?p=1137"},"modified":"2015-06-11T09:32:20","modified_gmt":"2015-06-11T07:32:20","slug":"jabushe-originalspf","status":"publish","type":"post","link":"https:\/\/blogg.improveme.se\/marieoddsson\/2015\/06\/11\/jabushe-originalspf\/","title":{"rendered":"Jabushe Original+SPF"},"content":{"rendered":"<p>Nu n\u00e4r solen \u00e4ntligen verkat hitta till v\u00e5ra breddgrader s\u00e5 ska jag passa p\u00e5 att njuta. Jag m\u00e5ste dock t\u00e4nka p\u00e5 att anv\u00e4nda solskydd, speciellt n\u00e4r jag anv\u00e4nder <a title=\"Jabushe Original\" href=\"http:\/\/www.jabushe.se\" target=\"_blank\">Jabushe Original- Intensive Age Defense<\/a>. Det \u00e4r en kr\u00e4m som \u00e4r aktiv och inneh\u00e5ller bland annat Liponsyra, det mesta som \u00e4r aktiv hudv\u00e5rd h\u00f6r inte hemma i solen. Dessutom s\u00e5 reparerar den en solskadad hud samtidigt som den reducerar pigmentf\u00f6r\u00e4ndringar. S\u00e5 det \u00e4r ingen bra kombination att ha en kr\u00e4m som ska motverka detta samtidigt som jag \u00e4r i solen.<\/p>\n<p><a href=\"http:\/\/blogg.improveme.se\/marieoddsson\/files\/2015\/06\/JAB_Original_AskTub_2015-e1434007425807.jpg\"><img loading=\"lazy\" decoding=\"async\" class=\"aligncenter size-full wp-image-1134\" src=\"http:\/\/blogg.improveme.se\/marieoddsson\/files\/2015\/06\/JAB_Original_AskTub_2015-e1434007425807.jpg\" alt=\"JAB_Original_Ask&amp;Tub_2015\" width=\"291\" height=\"550\" \/><\/a><\/p>\n<p>Sj\u00e4lvklart beh\u00f6ver jag n\u00e5gon form av solskydd! Just nu n\u00e4r jag fortfarande arbetar s\u00e5 har jag bara min foundation \u00f6ver kr\u00e4men men den inneh\u00e5ller SPF 20. S\u00e5 jag \u00e4r inte aktivt utomhus utan g\u00e5r till och fr\u00e5n tunnelbanan, d\u00e5 r\u00e4cker min foundation. Om jag d\u00e4remot \u00e4r ledig och kommer att vara utomhus d\u00e5 anv\u00e4nder jag ett riktigt solskydd \u00f6ver min Jabushe Original.<\/p>\n<p>N\u00e4r jag \u00e4r ytterligare p\u00e5 varmare breddgrader s\u00e5 hoppar jag helt enkelt \u00f6ver Jabushe Original p\u00e5 dagtid och anv\u00e4nder bara ett solskydd. Delvis s\u00e5 \u00e4r det ofta s\u00e5 varmt s\u00e5 att det blir sv\u00e5rt att ha tv\u00e5 lager med kr\u00e4m, det liksom flyter bort i v\u00e4rmen. D\u00e4remot s\u00e5 fors\u00e4tter jag att aktiverar min hud p\u00e5 natten, det b\u00e4sta av tv\u00e5 v\u00e4rldar. I dag har det lovat 20-25 grader varmt och solen vr\u00e4ker redan ner utanf\u00f6r mitt f\u00f6nster, (som skulle beh\u00f6vas putsas!!!)<\/p>\n<p><a href=\"http:\/\/blogg.improveme.se\/marieoddsson\/files\/2015\/06\/IMG_02411-e1434007514195.jpg\"><img loading=\"lazy\" decoding=\"async\" class=\"aligncenter size-large wp-image-1135\" src=\"http:\/\/blogg.improveme.se\/marieoddsson\/files\/2015\/06\/IMG_02411-755x566.jpg\" alt=\"IMG_0241[1]\" width=\"755\" height=\"566\" \/><\/a><\/p>\n<p>s\u00e5 t\u00e4nk p\u00e5 att skydda dig om du sitter ute p\u00e5 lunchen.<\/p>\n<p>Varma H\u00e4lsningar!<\/p>\n","protected":false},"excerpt":{"rendered":"<p>Nu n\u00e4r solen \u00e4ntligen verkat hitta till v\u00e5ra breddgrader s\u00e5 ska jag passa p\u00e5 att njuta. Jag m\u00e5ste dock t\u00e4nka p\u00e5 att anv\u00e4nda solskydd, speciellt n\u00e4r jag anv\u00e4nder Jabushe Original- Intensive Age Defense. Det \u00e4r en kr\u00e4m som \u00e4r aktiv och inneh\u00e5ller bland annat Liponsyra, det mesta som \u00e4r aktiv hudv\u00e5rd h\u00f6r inte hemma i &#8230; <a title=\"Jabushe Original+SPF\" class=\"read-more\" href=\"https:\/\/blogg.improveme.se\/marieoddsson\/2015\/06\/11\/jabushe-originalspf\/\" aria-label=\"L\u00e4s mer om Jabushe Original+SPF\">L\u00e4s mer<\/a><\/p>\n","protected":false},"author":9656,"featured_media":0,"comment_status":"open","ping_status":"open","sticky":false,"template":"","format":"standard","meta":{"footnotes":""},"categories":[1],"tags":[199,3,238,290,89],"class_list":["post-1137","post","type-post","status-publish","format-standard","hentry","category-okategoriserad","tag-anti-age","tag-halsa","tag-huvvard","tag-jabushe-original","tag-spf"],"_links":{"self":[{"href":"https:\/\/blogg.improveme.se\/marieoddsson\/wp-json\/wp\/v2\/posts\/1137","targetHints":{"allow":["GET"]}}],"collection":[{"href":"https:\/\/blogg.improveme.se\/marieoddsson\/wp-json\/wp\/v2\/posts"}],"about":[{"href":"https:\/\/blogg.improveme.se\/marieoddsson\/wp-json\/wp\/v2\/types\/post"}],"author":[{"embeddable":true,"href":"https:\/\/blogg.improveme.se\/marieoddsson\/wp-json\/wp\/v2\/users\/9656"}],"replies":[{"embeddable":true,"href":"https:\/\/blogg.improveme.se\/marieoddsson\/wp-json\/wp\/v2\/comments?post=1137"}],"version-history":[{"count":0,"href":"https:\/\/blogg.improveme.se\/marieoddsson\/wp-json\/wp\/v2\/posts\/1137\/revisions"}],"wp:attachment":[{"href":"https:\/\/blogg.improveme.se\/marieoddsson\/wp-json\/wp\/v2\/media?parent=1137"}],"wp:term":[{"taxonomy":"category","embeddable":true,"href":"https:\/\/blogg.improveme.se\/marieoddsson\/wp-json\/wp\/v2\/categories?post=1137"},{"taxonomy":"post_tag","embeddable":true,"href":"https:\/\/blogg.improveme.se\/marieoddsson\/wp-json\/wp\/v2\/tags?post=1137"}],"curies":[{"name":"wp","href":"https:\/\/api.w.org\/{rel}","templated":true}]}}