{"id":1141,"date":"2015-06-15T10:09:48","date_gmt":"2015-06-15T08:09:48","guid":{"rendered":"http:\/\/blogg.improveme.se\/marieoddsson\/?p=1141"},"modified":"2015-06-15T10:09:48","modified_gmt":"2015-06-15T08:09:48","slug":"grilla","status":"publish","type":"post","link":"https:\/\/blogg.improveme.se\/marieoddsson\/2015\/06\/15\/grilla\/","title":{"rendered":"Grilla"},"content":{"rendered":"<p>I l\u00f6rdags blir det att grilla p\u00e5 altanen, k\u00e4nns som om man m\u00e5ste ta vara p\u00e5 de fina dagarna. Normalt s\u00e4tt tillh\u00f6r jag inte den kategorin som bryr mig s\u00e5 mycket om v\u00e4dret. Det g\u00e5r inte att \u00e4ndra p\u00e5 \u00e4nd\u00e5, regnar det s\u00e5 regnar det. Men den h\u00e4r v\u00e5ren har det\u00a0varit extra kallt och bl\u00f6tt och jag har en innerlig l\u00e4ngtan efter v\u00e4rme, och varmt blev det i l\u00f6rdags! P\u00e5 grillen kan man l\u00e4gga allt m\u00f6jligt fr\u00e5n k\u00f6tt, fisk, gr\u00f6nsaker och frukt. Vi grillade avokado, Haloumi ost, kyckling, bacon och tomater.<\/p>\n<p><a href=\"http:\/\/blogg.improveme.se\/marieoddsson\/files\/2015\/06\/IMG_02471-e1434355273311.jpg\"><img loading=\"lazy\" decoding=\"async\" class=\"aligncenter size-large wp-image-1139\" src=\"http:\/\/blogg.improveme.se\/marieoddsson\/files\/2015\/06\/IMG_02471-755x566.jpg\" alt=\"IMG_0247[1]\" width=\"755\" height=\"566\" \/><\/a><\/p>\n<p>Tomater \u00e4r en annan gr\u00f6nsak som stigit i graderna genom \u00e5ren\u00a0hos mig.\u00a0Tomater finns i s\u00e5 m\u00e5nga sorter, f\u00e4rger och storlekar. Sj\u00e4lv tycker jag att just tomater kan vara s\u00e5 trista och smakl\u00f6sa till en riktig smakupplevelse. P\u00e5 grillen blev det en n\u00e5got st\u00f6rre tomatsort som v\u00e4nds med den \u201dk\u00f6ttiga\u201d sidan ner. N\u00e4r de har f\u00e5tt lite f\u00e4rg \u00e4r det bara att v\u00e4nda p\u00e5 dem str\u00f6 \u00f6ver lite flingsalt, olivolja och lite f\u00e4rsk timjan, gudagott.<\/p>\n<p>&nbsp;<\/p>\n<p>Om du f\u00e5r tomater \u00f6ver kan du prova en ansiktsmask som jag hittade p\u00e5 n\u00e4tet. Tomater har tydligen \u00e4n sammandragande och l\u00e4kande effekt samtidigt som de renar och st\u00e4rker huden. Denna gr\u00f6nsak \u00e4r rik p\u00e5 A, B och C-vitamin som har bra egenskaper f\u00f6r v\u00e5r hud b\u00e5de p\u00e5 insidan och utsidan.<\/p>\n<p><a href=\"http:\/\/blogg.improveme.se\/marieoddsson\/files\/2015\/06\/IMG_0097.jpg\"><img loading=\"lazy\" decoding=\"async\" class=\"aligncenter size-large wp-image-1140\" src=\"http:\/\/blogg.improveme.se\/marieoddsson\/files\/2015\/06\/IMG_0097-755x566.jpg\" alt=\"IMG_0097\" width=\"755\" height=\"566\" srcset=\"https:\/\/blogg.improveme.se\/marieoddsson\/files\/2015\/06\/IMG_0097-755x566.jpg 755w, https:\/\/blogg.improveme.se\/marieoddsson\/files\/2015\/06\/IMG_0097-300x225.jpg 300w, https:\/\/blogg.improveme.se\/marieoddsson\/files\/2015\/06\/IMG_0097.jpg 1624w\" sizes=\"auto, (max-width: 755px) 100vw, 755px\" \/><\/a><\/p>\n<p>S\u00e5 f\u00f6r denna tomatmask beh\u00f6vs,<\/p>\n<p>1 tv\u00e4ttat tomat<\/p>\n<p>2msk tomatpur\u00e9<\/p>\n<p>Och lite havregryn,<\/p>\n<p>Mixa ihop alla inredienser till en sl\u00e4t smet. Tv\u00e4tta ansiktet och applicera masken och l\u00e5t den sitta i ca 30 min. Sk\u00f6lj sen med ljummet vatten och applicera favorit kr\u00e4men, serumet eller oljan.<\/p>\n<p>Lycka till!<\/p>\n","protected":false},"excerpt":{"rendered":"<p>I l\u00f6rdags blir det att grilla p\u00e5 altanen, k\u00e4nns som om man m\u00e5ste ta vara p\u00e5 de fina dagarna. Normalt s\u00e4tt tillh\u00f6r jag inte den kategorin som bryr mig s\u00e5 mycket om v\u00e4dret. Det g\u00e5r inte att \u00e4ndra p\u00e5 \u00e4nd\u00e5, regnar det s\u00e5 regnar det. Men den h\u00e4r v\u00e5ren har det\u00a0varit extra kallt och bl\u00f6tt &#8230; <a title=\"Grilla\" class=\"read-more\" href=\"https:\/\/blogg.improveme.se\/marieoddsson\/2015\/06\/15\/grilla\/\" aria-label=\"L\u00e4s mer om Grilla\">L\u00e4s mer<\/a><\/p>\n","protected":false},"author":9656,"featured_media":0,"comment_status":"open","ping_status":"open","sticky":false,"template":"","format":"standard","meta":{"footnotes":""},"categories":[1],"tags":[3,479,291],"class_list":["post-1141","post","type-post","status-publish","format-standard","hentry","category-okategoriserad","tag-halsa","tag-hudvard","tag-tomater"],"_links":{"self":[{"href":"https:\/\/blogg.improveme.se\/marieoddsson\/wp-json\/wp\/v2\/posts\/1141","targetHints":{"allow":["GET"]}}],"collection":[{"href":"https:\/\/blogg.improveme.se\/marieoddsson\/wp-json\/wp\/v2\/posts"}],"about":[{"href":"https:\/\/blogg.improveme.se\/marieoddsson\/wp-json\/wp\/v2\/types\/post"}],"author":[{"embeddable":true,"href":"https:\/\/blogg.improveme.se\/marieoddsson\/wp-json\/wp\/v2\/users\/9656"}],"replies":[{"embeddable":true,"href":"https:\/\/blogg.improveme.se\/marieoddsson\/wp-json\/wp\/v2\/comments?post=1141"}],"version-history":[{"count":0,"href":"https:\/\/blogg.improveme.se\/marieoddsson\/wp-json\/wp\/v2\/posts\/1141\/revisions"}],"wp:attachment":[{"href":"https:\/\/blogg.improveme.se\/marieoddsson\/wp-json\/wp\/v2\/media?parent=1141"}],"wp:term":[{"taxonomy":"category","embeddable":true,"href":"https:\/\/blogg.improveme.se\/marieoddsson\/wp-json\/wp\/v2\/categories?post=1141"},{"taxonomy":"post_tag","embeddable":true,"href":"https:\/\/blogg.improveme.se\/marieoddsson\/wp-json\/wp\/v2\/tags?post=1141"}],"curies":[{"name":"wp","href":"https:\/\/api.w.org\/{rel}","templated":true}]}}