{"id":1144,"date":"2015-06-16T09:12:58","date_gmt":"2015-06-16T07:12:58","guid":{"rendered":"http:\/\/blogg.improveme.se\/marieoddsson\/?p=1144"},"modified":"2015-06-16T09:12:58","modified_gmt":"2015-06-16T07:12:58","slug":"kryddor","status":"publish","type":"post","link":"https:\/\/blogg.improveme.se\/marieoddsson\/2015\/06\/16\/kryddor\/","title":{"rendered":"Kryddor"},"content":{"rendered":"<p>Nu n\u00e4r jag snart ska flytta s\u00e5 kommer jag inte l\u00e4ngre ha en tr\u00e4dg\u00e5rd. Om sanningen ska fram s\u00e5 \u00e4r det inte mycket till tr\u00e4dg\u00e5rd, det \u00e4r en skogstomt. Det passar mig mycket b\u00e4ttre d\u00e5 jag varken har tid eller kunskap f\u00f6r att sk\u00f6ta om en tr\u00e4dg\u00e5rd. Trots det s\u00e5 har jag massor med blommor och en del \u00e4tbara varianter. F\u00f6rs\u00f6kte vid n\u00e5gra tillf\u00e4llen seri\u00f6st odla kryddor och gr\u00f6nsaker. Det visade sig att det var fler \u00e4n jag som gillade, Bami och hans kompisar fram f\u00f6r allt. Nu kommer m\u00f6jligheten\u00a0inte att finnas d\u00e5 jag inte kommer att ha lyxen till en egen gr\u00f6n pl\u00e4tt. Men man kan odla f\u00e4rska kryddor inomhus ocks\u00e5.<\/p>\n<p><a href=\"http:\/\/blogg.improveme.se\/marieoddsson\/files\/2015\/06\/11233491_485165031632648_4103979101529374271_n1-e1434437998322.jpg\"><img loading=\"lazy\" decoding=\"async\" class=\"aligncenter size-full wp-image-1143\" src=\"http:\/\/blogg.improveme.se\/marieoddsson\/files\/2015\/06\/11233491_485165031632648_4103979101529374271_n1-e1434437998322.jpg\" alt=\"11233491_485165031632648_4103979101529374271_n[1]\" width=\"236\" height=\"354\" \/><\/a><\/p>\n<p>Persilja till exempel \u00e4r mycket rik p\u00e5 karoten som omvandlas till A-vitamin i kroppen, C-vitamin samt j\u00e4rn och kalcium. \u00c4ven dill och basilika \u00e4r tacksamt och l\u00e4tt att odla. Dessutom kan du ta n\u00e5gra udda tekoppar (har man ofta alldeles f\u00f6r m\u00e5nga av) det blir b\u00e5de roligt, snyggt eller lite galet beroende p\u00e5 vilken\/vilka koppar man v\u00e4ljer.<\/p>\n<p>F\u00f6r om sanningen ska fram s\u00e5 \u00e4r det s\u00e5 mycket godare med f\u00e4rska kryddor, \u00e4n p\u00e5 burk. Sen\u00a0f\u00e5r huden och kroppen sitt n\u00e4r det kommer till n\u00e4rings\u00e4mnen.<\/p>\n<p>&nbsp;<\/p>\n","protected":false},"excerpt":{"rendered":"<p>Nu n\u00e4r jag snart ska flytta s\u00e5 kommer jag inte l\u00e4ngre ha en tr\u00e4dg\u00e5rd. Om sanningen ska fram s\u00e5 \u00e4r det inte mycket till tr\u00e4dg\u00e5rd, det \u00e4r en skogstomt. Det passar mig mycket b\u00e4ttre d\u00e5 jag varken har tid eller kunskap f\u00f6r att sk\u00f6ta om en tr\u00e4dg\u00e5rd. Trots det s\u00e5 har jag massor med blommor &#8230; <a title=\"Kryddor\" class=\"read-more\" href=\"https:\/\/blogg.improveme.se\/marieoddsson\/2015\/06\/16\/kryddor\/\" aria-label=\"L\u00e4s mer om Kryddor\">L\u00e4s mer<\/a><\/p>\n","protected":false},"author":9656,"featured_media":0,"comment_status":"open","ping_status":"open","sticky":false,"template":"","format":"standard","meta":{"footnotes":""},"categories":[1],"tags":[3,10,292],"class_list":["post-1144","post","type-post","status-publish","format-standard","hentry","category-okategoriserad","tag-halsa","tag-hud","tag-kryddor"],"_links":{"self":[{"href":"https:\/\/blogg.improveme.se\/marieoddsson\/wp-json\/wp\/v2\/posts\/1144","targetHints":{"allow":["GET"]}}],"collection":[{"href":"https:\/\/blogg.improveme.se\/marieoddsson\/wp-json\/wp\/v2\/posts"}],"about":[{"href":"https:\/\/blogg.improveme.se\/marieoddsson\/wp-json\/wp\/v2\/types\/post"}],"author":[{"embeddable":true,"href":"https:\/\/blogg.improveme.se\/marieoddsson\/wp-json\/wp\/v2\/users\/9656"}],"replies":[{"embeddable":true,"href":"https:\/\/blogg.improveme.se\/marieoddsson\/wp-json\/wp\/v2\/comments?post=1144"}],"version-history":[{"count":0,"href":"https:\/\/blogg.improveme.se\/marieoddsson\/wp-json\/wp\/v2\/posts\/1144\/revisions"}],"wp:attachment":[{"href":"https:\/\/blogg.improveme.se\/marieoddsson\/wp-json\/wp\/v2\/media?parent=1144"}],"wp:term":[{"taxonomy":"category","embeddable":true,"href":"https:\/\/blogg.improveme.se\/marieoddsson\/wp-json\/wp\/v2\/categories?post=1144"},{"taxonomy":"post_tag","embeddable":true,"href":"https:\/\/blogg.improveme.se\/marieoddsson\/wp-json\/wp\/v2\/tags?post=1144"}],"curies":[{"name":"wp","href":"https:\/\/api.w.org\/{rel}","templated":true}]}}