{"id":1150,"date":"2015-06-18T16:11:10","date_gmt":"2015-06-18T14:11:10","guid":{"rendered":"http:\/\/blogg.improveme.se\/marieoddsson\/?p=1150"},"modified":"2015-06-18T16:11:10","modified_gmt":"2015-06-18T14:11:10","slug":"infor-midsommar","status":"publish","type":"post","link":"https:\/\/blogg.improveme.se\/marieoddsson\/2015\/06\/18\/infor-midsommar\/","title":{"rendered":"Inf\u00f6r midsommar"},"content":{"rendered":"<p>Vad ska du g\u00f6ra i morgon? det \u00e4r i alla fall midsommar. Det kan det vara riktigt kul att dansa och hoppa som grodor runt en l\u00f6vad och blomprydd st\u00e5ng. Att ha en blomsterkrans i h\u00e5ret tycker jag \u00e4r s\u00e5 fint g\u00e4rna mer blommor \u00e4n blad. V\u00e4dret i morgon till\u00e5ter nog inte n\u00e5gon l\u00e4gre aktivitet utomhus, men f\u00f6rhoppningsvis blir det inte lika kallt som f\u00f6rra \u00e5ret och sen slipper vi t\u00e4nka p\u00e5 att anv\u00e4nda SPF.<\/p>\n<p><a href=\"http:\/\/blogg.improveme.se\/marieoddsson\/files\/2015\/06\/kvinna-i-gr\u00e4set-e1434636376700.jpg\"><img loading=\"lazy\" decoding=\"async\" class=\"aligncenter size-large wp-image-1149\" src=\"http:\/\/blogg.improveme.se\/marieoddsson\/files\/2015\/06\/kvinna-i-gr\u00e4set-755x524.jpg\" alt=\"kvinna i gr\u00e4set\" width=\"755\" height=\"524\" \/><\/a><\/p>\n<p>Sen f\u00e5r vi inte gl\u00f6mma maten, matjessill med gr\u00e4sl\u00f6k och gr\u00e4ddfil och sj\u00e4lvklart f\u00e4rsk potatis. Till efterr\u00e4tt kan man g\u00f6ra en himla massa olika varianter. Det finns bara ett krav och det \u00e4r att de ska vara jordbuggar inblandade. Efter all dans och mat s\u00e5 f\u00e5r man inte gl\u00f6mma att stoppa blommor under kudden, sju olika sorter ska det vara. Det g\u00e4ller f\u00f6r er som inte har n\u00e5gon prins\/prinsessa. Sj\u00e4lv t\u00e4nkte jag stoppa gubben under kudden n\u00e4r det v\u00e4l blir dags.<\/p>\n","protected":false},"excerpt":{"rendered":"<p>Vad ska du g\u00f6ra i morgon? det \u00e4r i alla fall midsommar. Det kan det vara riktigt kul att dansa och hoppa som grodor runt en l\u00f6vad och blomprydd st\u00e5ng. Att ha en blomsterkrans i h\u00e5ret tycker jag \u00e4r s\u00e5 fint g\u00e4rna mer blommor \u00e4n blad. V\u00e4dret i morgon till\u00e5ter nog inte n\u00e5gon l\u00e4gre aktivitet &#8230; <a title=\"Inf\u00f6r midsommar\" class=\"read-more\" href=\"https:\/\/blogg.improveme.se\/marieoddsson\/2015\/06\/18\/infor-midsommar\/\" aria-label=\"L\u00e4s mer om Inf\u00f6r midsommar\">L\u00e4s mer<\/a><\/p>\n","protected":false},"author":9656,"featured_media":0,"comment_status":"open","ping_status":"open","sticky":false,"template":"","format":"standard","meta":{"footnotes":""},"categories":[1],"tags":[3,479,294],"class_list":["post-1150","post","type-post","status-publish","format-standard","hentry","category-okategoriserad","tag-halsa","tag-hudvard","tag-midsommar"],"_links":{"self":[{"href":"https:\/\/blogg.improveme.se\/marieoddsson\/wp-json\/wp\/v2\/posts\/1150","targetHints":{"allow":["GET"]}}],"collection":[{"href":"https:\/\/blogg.improveme.se\/marieoddsson\/wp-json\/wp\/v2\/posts"}],"about":[{"href":"https:\/\/blogg.improveme.se\/marieoddsson\/wp-json\/wp\/v2\/types\/post"}],"author":[{"embeddable":true,"href":"https:\/\/blogg.improveme.se\/marieoddsson\/wp-json\/wp\/v2\/users\/9656"}],"replies":[{"embeddable":true,"href":"https:\/\/blogg.improveme.se\/marieoddsson\/wp-json\/wp\/v2\/comments?post=1150"}],"version-history":[{"count":0,"href":"https:\/\/blogg.improveme.se\/marieoddsson\/wp-json\/wp\/v2\/posts\/1150\/revisions"}],"wp:attachment":[{"href":"https:\/\/blogg.improveme.se\/marieoddsson\/wp-json\/wp\/v2\/media?parent=1150"}],"wp:term":[{"taxonomy":"category","embeddable":true,"href":"https:\/\/blogg.improveme.se\/marieoddsson\/wp-json\/wp\/v2\/categories?post=1150"},{"taxonomy":"post_tag","embeddable":true,"href":"https:\/\/blogg.improveme.se\/marieoddsson\/wp-json\/wp\/v2\/tags?post=1150"}],"curies":[{"name":"wp","href":"https:\/\/api.w.org\/{rel}","templated":true}]}}