{"id":1156,"date":"2015-07-08T20:35:22","date_gmt":"2015-07-08T18:35:22","guid":{"rendered":"http:\/\/blogg.improveme.se\/marieoddsson\/?p=1156"},"modified":"2015-07-08T20:35:22","modified_gmt":"2015-07-08T18:35:22","slug":"vader-eller-ovader","status":"publish","type":"post","link":"https:\/\/blogg.improveme.se\/marieoddsson\/2015\/07\/08\/vader-eller-ovader\/","title":{"rendered":"V\u00e4der eller ov\u00e4der"},"content":{"rendered":"<p>Detta v\u00e4der g\u00f6r mig tr\u00f6tt, f\u00f6rvirrad och lite grinig. Det \u00e4r bl\u00e5 himmel samtidigt \u00a0som det \u00f6ser ner regn, det \u00e4r varmt det \u00e4r kallt. Hur ska man kl\u00e4 sig? Har man gummist\u00f6vlar n\u00e4r man \u00e5ker hemifr\u00e5n s\u00e5 \u00e4r det sol och varm n\u00e4r man \u00e5ker hem och d\u00e5 h\u00e5ller man p\u00e5 att\u00a0flyter bort p\u00e5 tunnelbanan. Eller s\u00e5 har man sandaler n\u00e4r man \u00e5ker\u00a0som blir helt dyngsura innan man \u00e4r hemma.\u00a0Kanske man f\u00e5r packa en liten weekendbag n\u00e4r man skall \u00e5ka till jobbet s\u00e5 att\u00a0man kan gardera sig, det\u00a0f\u00e5r vi g\u00f6ra n\u00e4r vi har semester ocks\u00e5 f\u00f6r den delen.<\/p>\n<p><a href=\"http:\/\/blogg.improveme.se\/marieoddsson\/files\/2015\/07\/IMG_04161-e1436379975502.jpg\"><img loading=\"lazy\" decoding=\"async\" class=\"aligncenter size-large wp-image-1160\" src=\"http:\/\/blogg.improveme.se\/marieoddsson\/files\/2015\/07\/IMG_04161-755x566.jpg\" alt=\"IMG_0416[1]\" width=\"755\" height=\"566\" \/><\/a><\/p>\n<p>B\u00e4st just nu \u00e4r\u00a0i alla fall v\u00e5ra jordgubbar,\u00a0dem h\u00e5ller v\u00e4rldsklass och s\u00e5 \u00e4r dem fulla med C-vitamin. Jordgubben \u00e4r tydligen inte ett b\u00e4r utan ett fruktf\u00f6rband med n\u00f6tter?? De egentliga frukterna \u00e4r\u00a0 &#8221;b\u00e4rets&#8221; gula prickar\/fr\u00f6n. I vilket fall som helst blir jag glad av att proppa i mig jordgubbar i tid och otid. Med massor av vispgr\u00e4dde, glass eller bara som det \u00e4r.F\u00e5r kanske ta fram mina Ester-C vitamin tabletter ocks\u00e5 s\u00e5 att jag verkligen boostar mig med C-vitamin. Vitamin C \u00e4r en vattenl\u00f6slig naturligt f\u00f6rekommande antioxidant som \u00e4r en viktig best\u00e5ndsdel av huden. Den spelar en vital roll f\u00f6r att f\u00f6rhindra att huden torkar ut, mot\u00a0rynkor, f\u00f6r\u00a0kollagensyntesen och hj\u00e4lper till med hudf\u00f6rnyelse.<\/p>\n","protected":false},"excerpt":{"rendered":"<p>Detta v\u00e4der g\u00f6r mig tr\u00f6tt, f\u00f6rvirrad och lite grinig. Det \u00e4r bl\u00e5 himmel samtidigt \u00a0som det \u00f6ser ner regn, det \u00e4r varmt det \u00e4r kallt. Hur ska man kl\u00e4 sig? Har man gummist\u00f6vlar n\u00e4r man \u00e5ker hemifr\u00e5n s\u00e5 \u00e4r det sol och varm n\u00e4r man \u00e5ker hem och d\u00e5 h\u00e5ller man p\u00e5 att\u00a0flyter bort p\u00e5 &#8230; <a title=\"V\u00e4der eller ov\u00e4der\" class=\"read-more\" href=\"https:\/\/blogg.improveme.se\/marieoddsson\/2015\/07\/08\/vader-eller-ovader\/\" aria-label=\"L\u00e4s mer om V\u00e4der eller ov\u00e4der\">L\u00e4s mer<\/a><\/p>\n","protected":false},"author":9656,"featured_media":0,"comment_status":"open","ping_status":"open","sticky":false,"template":"","format":"standard","meta":{"footnotes":""},"categories":[1],"tags":[296,3,479,297],"class_list":["post-1156","post","type-post","status-publish","format-standard","hentry","category-okategoriserad","tag-c-vitamin","tag-halsa","tag-hudvard","tag-jordgubbar"],"_links":{"self":[{"href":"https:\/\/blogg.improveme.se\/marieoddsson\/wp-json\/wp\/v2\/posts\/1156","targetHints":{"allow":["GET"]}}],"collection":[{"href":"https:\/\/blogg.improveme.se\/marieoddsson\/wp-json\/wp\/v2\/posts"}],"about":[{"href":"https:\/\/blogg.improveme.se\/marieoddsson\/wp-json\/wp\/v2\/types\/post"}],"author":[{"embeddable":true,"href":"https:\/\/blogg.improveme.se\/marieoddsson\/wp-json\/wp\/v2\/users\/9656"}],"replies":[{"embeddable":true,"href":"https:\/\/blogg.improveme.se\/marieoddsson\/wp-json\/wp\/v2\/comments?post=1156"}],"version-history":[{"count":0,"href":"https:\/\/blogg.improveme.se\/marieoddsson\/wp-json\/wp\/v2\/posts\/1156\/revisions"}],"wp:attachment":[{"href":"https:\/\/blogg.improveme.se\/marieoddsson\/wp-json\/wp\/v2\/media?parent=1156"}],"wp:term":[{"taxonomy":"category","embeddable":true,"href":"https:\/\/blogg.improveme.se\/marieoddsson\/wp-json\/wp\/v2\/categories?post=1156"},{"taxonomy":"post_tag","embeddable":true,"href":"https:\/\/blogg.improveme.se\/marieoddsson\/wp-json\/wp\/v2\/tags?post=1156"}],"curies":[{"name":"wp","href":"https:\/\/api.w.org\/{rel}","templated":true}]}}