{"id":1186,"date":"2015-08-04T16:35:02","date_gmt":"2015-08-04T14:35:02","guid":{"rendered":"http:\/\/blogg.improveme.se\/marieoddsson\/?p=1186"},"modified":"2015-08-04T16:35:02","modified_gmt":"2015-08-04T14:35:02","slug":"sommarfotter","status":"publish","type":"post","link":"https:\/\/blogg.improveme.se\/marieoddsson\/2015\/08\/04\/sommarfotter\/","title":{"rendered":"Sommarf\u00f6tter"},"content":{"rendered":"<p>S\u00e5 sk\u00f6nt n\u00e4r man har f\u00e5tt sina f\u00f6tter i iordninggjorda. Att bara f\u00e5 s\u00e4tta ner f\u00f6tterna i ett v\u00e4ldoftande fotbad och luta huvudet tillbaka \u00e4r s\u00e5 sk\u00f6nt. Egentligen s\u00e5 skulle man ha en st\u00e5ende tid hos en fotv\u00e5rdare\/pedikyrist, v\u00e4l investerade pengar. N\u00e4r min terapeut sen plockar upp mina f\u00f6tter s\u00e5 b\u00f6rjar hon med en slags peeling. Sen \u00e4r det dags f\u00f6r att ta fram mina sommarf\u00f6tter p\u00e5 riktigt. F\u00f6rsiktigt anv\u00e4nder hon skalpellen p\u00e5 h\u00e4larna. Sen tar hon fram diverse olika instrument som hon arbetar p\u00e5\/vid\/runt mina t\u00e5r, klipper och filar. Sen \u00e4r det dags f\u00f6r att fila mina f\u00f6tter. Sen torkar hon av mina f\u00f6tter med en v\u00e5t handduk, \u00e4r riktigt noga mellan t\u00e5rna och runt naglarna. Nu kommer en av mina favoritmassager, fotmassage. Om alla fick fotmassge en g\u00e5ng i veckan s\u00e5 skulle v\u00e5r v\u00e4rld se helt annorlunda ut.<\/p>\n<p>Hon avslutar med ett somrigt och glatt lack. F\u00f6tterna \u00e4r nu lena, mjuka och v\u00e4ldoftande och jag blir s\u00e5 glad n\u00e4r ett g\u00e4ng f\u00e4rgglada naglar m\u00f6ter min blick.<\/p>\n<p><a href=\"http:\/\/blogg.improveme.se\/marieoddsson\/files\/2015\/08\/IMG_05501-e1438698190483.jpg\"><img loading=\"lazy\" decoding=\"async\" class=\"aligncenter size-large wp-image-1183\" src=\"http:\/\/blogg.improveme.se\/marieoddsson\/files\/2015\/08\/IMG_05501-755x755.jpg\" alt=\"IMG_0550[1]\" width=\"755\" height=\"755\" \/><\/a><\/p>\n<p>Med mig hem har jag en\u00a0v\u00e4ldoftande fot kr\u00e4m som jag har f\u00f6r avsikt att anv\u00e4nda var och varannan dag till den \u00e4r slut.<\/p>\n<p>Nu g\u00e5r jag p\u00e5 moln&#8230;<\/p>\n","protected":false},"excerpt":{"rendered":"<p>S\u00e5 sk\u00f6nt n\u00e4r man har f\u00e5tt sina f\u00f6tter i iordninggjorda. Att bara f\u00e5 s\u00e4tta ner f\u00f6tterna i ett v\u00e4ldoftande fotbad och luta huvudet tillbaka \u00e4r s\u00e5 sk\u00f6nt. Egentligen s\u00e5 skulle man ha en st\u00e5ende tid hos en fotv\u00e5rdare\/pedikyrist, v\u00e4l investerade pengar. N\u00e4r min terapeut sen plockar upp mina f\u00f6tter s\u00e5 b\u00f6rjar hon med en slags &#8230; <a title=\"Sommarf\u00f6tter\" class=\"read-more\" href=\"https:\/\/blogg.improveme.se\/marieoddsson\/2015\/08\/04\/sommarfotter\/\" aria-label=\"L\u00e4s mer om Sommarf\u00f6tter\">L\u00e4s mer<\/a><\/p>\n","protected":false},"author":9656,"featured_media":0,"comment_status":"open","ping_status":"open","sticky":false,"template":"","format":"standard","meta":{"footnotes":""},"categories":[1],"tags":[240,3,479],"class_list":["post-1186","post","type-post","status-publish","format-standard","hentry","category-okategoriserad","tag-fotvard","tag-halsa","tag-hudvard"],"_links":{"self":[{"href":"https:\/\/blogg.improveme.se\/marieoddsson\/wp-json\/wp\/v2\/posts\/1186","targetHints":{"allow":["GET"]}}],"collection":[{"href":"https:\/\/blogg.improveme.se\/marieoddsson\/wp-json\/wp\/v2\/posts"}],"about":[{"href":"https:\/\/blogg.improveme.se\/marieoddsson\/wp-json\/wp\/v2\/types\/post"}],"author":[{"embeddable":true,"href":"https:\/\/blogg.improveme.se\/marieoddsson\/wp-json\/wp\/v2\/users\/9656"}],"replies":[{"embeddable":true,"href":"https:\/\/blogg.improveme.se\/marieoddsson\/wp-json\/wp\/v2\/comments?post=1186"}],"version-history":[{"count":0,"href":"https:\/\/blogg.improveme.se\/marieoddsson\/wp-json\/wp\/v2\/posts\/1186\/revisions"}],"wp:attachment":[{"href":"https:\/\/blogg.improveme.se\/marieoddsson\/wp-json\/wp\/v2\/media?parent=1186"}],"wp:term":[{"taxonomy":"category","embeddable":true,"href":"https:\/\/blogg.improveme.se\/marieoddsson\/wp-json\/wp\/v2\/categories?post=1186"},{"taxonomy":"post_tag","embeddable":true,"href":"https:\/\/blogg.improveme.se\/marieoddsson\/wp-json\/wp\/v2\/tags?post=1186"}],"curies":[{"name":"wp","href":"https:\/\/api.w.org\/{rel}","templated":true}]}}