{"id":1188,"date":"2015-08-05T17:15:40","date_gmt":"2015-08-05T15:15:40","guid":{"rendered":"http:\/\/blogg.improveme.se\/marieoddsson\/?p=1188"},"modified":"2015-08-05T17:15:40","modified_gmt":"2015-08-05T15:15:40","slug":"vatten","status":"publish","type":"post","link":"https:\/\/blogg.improveme.se\/marieoddsson\/2015\/08\/05\/vatten\/","title":{"rendered":"Vatten"},"content":{"rendered":"<p>Vatten, vatten och mera vatten. Sommaren har varit bl\u00e5sig och bl\u00f6t, och ja f\u00f6r mig \u00e4r nu sommaren slut eftersom jag har b\u00f6rjat jobba. Det blev inge av med att sola eller bada f\u00f6r mig den h\u00e4r g\u00e5ngen. Men vatten \u00e4r fantastiskt bra f\u00f6r m\u00e5nga saker. Vi m\u00e4nniskor kan inte \u00f6verleva utan vatten. Vatten \u00e4r ocks\u00e5 bra f\u00f6r v\u00e5ran hud b\u00e5de p\u00e5 insidan och utsidan.<\/p>\n<p>Vatten \u00e4r en kemisk f\u00f6rening mellan v\u00e4te och syre och f\u00f6rekommer i olika former, flytande, fast och gas. Vattnet t\u00e4cker ca 71 % av jordytan, ganska mycket med andra ord. Vattnet p\u00e5 jorden r\u00f6r sig kontinuerligt och \u00e4r n\u00e5got s\u00e5 n\u00e4r konstant i m\u00e4ngd. Att vi har rent vatten i v\u00e5ra kranar \u00e4r en ren lyx som jag faktiskt t\u00e4nker ganska ofta p\u00e5 n\u00e4r jag har varit utomlands.<\/p>\n<p>S\u00e5 i dag n\u00e4r jag nu g\u00e5r hem och det kommer ett \u00f6sregn (f\u00f6r det g\u00f6r det garanterat med den h\u00e4r himlen)<a href=\"http:\/\/blogg.improveme.se\/marieoddsson\/files\/2015\/08\/IMG_05521-e1438787622224.jpg\"><img loading=\"lazy\" decoding=\"async\" class=\"aligncenter size-large wp-image-1191\" src=\"http:\/\/blogg.improveme.se\/marieoddsson\/files\/2015\/08\/IMG_05521-755x566.jpg\" alt=\"IMG_0552[1]\" width=\"755\" height=\"566\" \/><\/a><\/p>\n<p>,s\u00e5 ska jag passa p\u00e5 att v\u00e4xa lite som m\u00e4nniska.<\/p>\n<p>H\u00f6rs i morgon<\/p>\n","protected":false},"excerpt":{"rendered":"<p>Vatten, vatten och mera vatten. Sommaren har varit bl\u00e5sig och bl\u00f6t, och ja f\u00f6r mig \u00e4r nu sommaren slut eftersom jag har b\u00f6rjat jobba. Det blev inge av med att sola eller bada f\u00f6r mig den h\u00e4r g\u00e5ngen. Men vatten \u00e4r fantastiskt bra f\u00f6r m\u00e5nga saker. Vi m\u00e4nniskor kan inte \u00f6verleva utan vatten. Vatten \u00e4r &#8230; <a title=\"Vatten\" class=\"read-more\" href=\"https:\/\/blogg.improveme.se\/marieoddsson\/2015\/08\/05\/vatten\/\" aria-label=\"L\u00e4s mer om Vatten\">L\u00e4s mer<\/a><\/p>\n","protected":false},"author":9656,"featured_media":0,"comment_status":"open","ping_status":"open","sticky":false,"template":"","format":"standard","meta":{"footnotes":""},"categories":[1],"tags":[479,40],"class_list":["post-1188","post","type-post","status-publish","format-standard","hentry","category-okategoriserad","tag-hudvard","tag-vatten"],"_links":{"self":[{"href":"https:\/\/blogg.improveme.se\/marieoddsson\/wp-json\/wp\/v2\/posts\/1188","targetHints":{"allow":["GET"]}}],"collection":[{"href":"https:\/\/blogg.improveme.se\/marieoddsson\/wp-json\/wp\/v2\/posts"}],"about":[{"href":"https:\/\/blogg.improveme.se\/marieoddsson\/wp-json\/wp\/v2\/types\/post"}],"author":[{"embeddable":true,"href":"https:\/\/blogg.improveme.se\/marieoddsson\/wp-json\/wp\/v2\/users\/9656"}],"replies":[{"embeddable":true,"href":"https:\/\/blogg.improveme.se\/marieoddsson\/wp-json\/wp\/v2\/comments?post=1188"}],"version-history":[{"count":0,"href":"https:\/\/blogg.improveme.se\/marieoddsson\/wp-json\/wp\/v2\/posts\/1188\/revisions"}],"wp:attachment":[{"href":"https:\/\/blogg.improveme.se\/marieoddsson\/wp-json\/wp\/v2\/media?parent=1188"}],"wp:term":[{"taxonomy":"category","embeddable":true,"href":"https:\/\/blogg.improveme.se\/marieoddsson\/wp-json\/wp\/v2\/categories?post=1188"},{"taxonomy":"post_tag","embeddable":true,"href":"https:\/\/blogg.improveme.se\/marieoddsson\/wp-json\/wp\/v2\/tags?post=1188"}],"curies":[{"name":"wp","href":"https:\/\/api.w.org\/{rel}","templated":true}]}}