{"id":1200,"date":"2015-08-10T10:29:01","date_gmt":"2015-08-10T08:29:01","guid":{"rendered":"http:\/\/blogg.improveme.se\/marieoddsson\/?p=1200"},"modified":"2015-08-10T10:29:01","modified_gmt":"2015-08-10T08:29:01","slug":"helg-och-sol","status":"publish","type":"post","link":"https:\/\/blogg.improveme.se\/marieoddsson\/2015\/08\/10\/helg-och-sol\/","title":{"rendered":"Helg och sol"},"content":{"rendered":"<p>I helgen s\u00e5 var min \u00e4lskade lilla syster och hennes barn (barn och barn, 15 och 18\u00e5r) och h\u00e4lsade p\u00e5. P\u00e5 n\u00e5got v\u00e4nster s\u00e5 hamnade hon l\u00e4ngre s\u00f6derut i v\u00e5rt avl\u00e5nga land. S\u00e5 det \u00e4r alltid lika mysigt att f\u00e5 r\u00e5 om v\u00e4rldens b\u00e4sta lillasyster n\u00e4r vi v\u00e4l ses.<\/p>\n<p>P\u00e5 agendan s\u00e5 har de sj\u00e4lvklart shopping i storstan, det hoppar jag. Speciellt eftersom jag blev \u201dficktjuvad\u201d h\u00e4r f\u00f6r n\u00e5gra veckor sen och f\u00e5r st\u00e5 f\u00f6r hela notan sj\u00e4lv tycker Swedbank. Men shopping blev det f\u00f6r ungdomarna, vi var till och med p\u00e5 ett \u201dsko sl\u00e4pp\u201d p\u00e5 s\u00f6der. Har jag aldrig varit p\u00e5 f\u00f6rut. Var p\u00e5 K 25 och intog en god lunch. D\u00e4refter s\u00e5 blev det god glass i stora lass, f\u00f6r nu har \u00e4ntligen solen och v\u00e4rmen kommit.<\/p>\n<p><a href=\"http:\/\/blogg.improveme.se\/marieoddsson\/files\/2015\/08\/sol-e1439195025282.jpg\"><img loading=\"lazy\" decoding=\"async\" class=\"aligncenter size-large wp-image-1199\" src=\"http:\/\/blogg.improveme.se\/marieoddsson\/files\/2015\/08\/sol-755x775.jpg\" alt=\"sol\" width=\"755\" height=\"775\" \/><\/a><\/p>\n<p>V\u00e4l hemma s\u00e5 skulle de bli bad men vi var lite f\u00f6r fega eftersom det finns karpar i vattnet (det visste vi inte n\u00e4r vi gick ner till badet). De \u00e4r inplanterade f\u00f6r att h\u00e5lla rent. Den \u00e4r i stort sett all\u00e4tare men har en f\u00f6rk\u00e4rlek till vegetabilier, och h\u00e5ller undan bra s\u00e5 att dammen\/sj\u00f6n inte v\u00e4xer igen av vattenv\u00e4xter och alger. Karpen \u00e4r onekligen lite halvstor och d\u00e4rmed l\u00e4skig tyckte vi allihop. S\u00e5 vi\u00a0 matade dem som f\u00e5glar med br\u00f6d, de kom upp till ytan och \u00e5t fr\u00e5n handen?! Tama fiskar finns det? N\u00e5ja, vi l\u00e5g p\u00e5 bryggan och matade fisk och lapade lite eftermiddagssol och det var inte ig\u00e5r. S\u00e5 nu kickar min D-vitaminproduktion ig\u00e5ng, hurra! Min syster beh\u00f6ver solen \u00e4nnu mer d\u00e5 hon \u00e4r atopiker, den sorten som gillar sol.<\/p>\n","protected":false},"excerpt":{"rendered":"<p>I helgen s\u00e5 var min \u00e4lskade lilla syster och hennes barn (barn och barn, 15 och 18\u00e5r) och h\u00e4lsade p\u00e5. P\u00e5 n\u00e5got v\u00e4nster s\u00e5 hamnade hon l\u00e4ngre s\u00f6derut i v\u00e5rt avl\u00e5nga land. S\u00e5 det \u00e4r alltid lika mysigt att f\u00e5 r\u00e5 om v\u00e4rldens b\u00e4sta lillasyster n\u00e4r vi v\u00e4l ses. P\u00e5 agendan s\u00e5 har de sj\u00e4lvklart &#8230; <a title=\"Helg och sol\" class=\"read-more\" href=\"https:\/\/blogg.improveme.se\/marieoddsson\/2015\/08\/10\/helg-och-sol\/\" aria-label=\"L\u00e4s mer om Helg och sol\">L\u00e4s mer<\/a><\/p>\n","protected":false},"author":9656,"featured_media":0,"comment_status":"open","ping_status":"open","sticky":false,"template":"","format":"standard","meta":{"footnotes":""},"categories":[1],"tags":[252,3,480],"class_list":["post-1200","post","type-post","status-publish","format-standard","hentry","category-okategoriserad","tag-d-vitamin","tag-halsa","tag-sol"],"_links":{"self":[{"href":"https:\/\/blogg.improveme.se\/marieoddsson\/wp-json\/wp\/v2\/posts\/1200","targetHints":{"allow":["GET"]}}],"collection":[{"href":"https:\/\/blogg.improveme.se\/marieoddsson\/wp-json\/wp\/v2\/posts"}],"about":[{"href":"https:\/\/blogg.improveme.se\/marieoddsson\/wp-json\/wp\/v2\/types\/post"}],"author":[{"embeddable":true,"href":"https:\/\/blogg.improveme.se\/marieoddsson\/wp-json\/wp\/v2\/users\/9656"}],"replies":[{"embeddable":true,"href":"https:\/\/blogg.improveme.se\/marieoddsson\/wp-json\/wp\/v2\/comments?post=1200"}],"version-history":[{"count":0,"href":"https:\/\/blogg.improveme.se\/marieoddsson\/wp-json\/wp\/v2\/posts\/1200\/revisions"}],"wp:attachment":[{"href":"https:\/\/blogg.improveme.se\/marieoddsson\/wp-json\/wp\/v2\/media?parent=1200"}],"wp:term":[{"taxonomy":"category","embeddable":true,"href":"https:\/\/blogg.improveme.se\/marieoddsson\/wp-json\/wp\/v2\/categories?post=1200"},{"taxonomy":"post_tag","embeddable":true,"href":"https:\/\/blogg.improveme.se\/marieoddsson\/wp-json\/wp\/v2\/tags?post=1200"}],"curies":[{"name":"wp","href":"https:\/\/api.w.org\/{rel}","templated":true}]}}