{"id":1207,"date":"2015-08-12T17:45:21","date_gmt":"2015-08-12T15:45:21","guid":{"rendered":"http:\/\/blogg.improveme.se\/marieoddsson\/?p=1207"},"modified":"2015-08-12T17:45:21","modified_gmt":"2015-08-12T15:45:21","slug":"pa-taget","status":"publish","type":"post","link":"https:\/\/blogg.improveme.se\/marieoddsson\/2015\/08\/12\/pa-taget\/","title":{"rendered":"P\u00e5 t\u00e5get"},"content":{"rendered":"<p>Sitter nu p\u00e5 t\u00e5get p\u00e5 v\u00e4g hem fr\u00e5n v\u00e5r kick off (min kollega som jag \u00e5kte bil med dit skulle \u00e5ka vidare). Bokade f\u00f6rstaklass f\u00f6r att kunna anv\u00e4nda min dator, men det visade sig att det var den enda vagnen som internet inte fungerade i. S\u00e5 nu sitter jag utlokaliserad f\u00f6r en liten stund.<br \/>\nN\u00e5v\u00e4l g\u00e5rdagskv\u00e4llen var mycket trevlig med kr\u00e4ftor och lokal \u00f6l. Kr\u00e4ftor \u00e5t jag s\u00e5 det stod h\u00e4rliga till, det v\u00e4rsta \u00e4r att man blir s\u00e5 otrolig kladdig. M\u00e5ste ocks\u00e5 erk\u00e4nna att det lag som jag var med i vid g\u00e5rdagens 5 kamp, kom sist?!? Mycket m\u00e4rkligt, tror att det r\u00e4knades fel p\u00e5 protokollet eller s\u00e5 har n\u00e5gon fifflat med siffrorna. N\u00e5ja jag f\u00e5r ladda om till n\u00e4sta tillf\u00e4lle. Nu kommer han som har denna sittplats, s\u00e5 d\u00e5 f\u00e5r jag sn\u00e4llt flytta p\u00e5 mig och g\u00e5 in till min vagn d\u00e4r n\u00e4tet inte fungerar. Men f\u00f6rst ska jag g\u00e5 och ta en kopp kaffe, kom ih\u00e5g att det finns m\u00e5nga f\u00f6rdelar med att dricka kaffe.<\/p>\n<p><a href=\"http:\/\/blogg.improveme.se\/marieoddsson\/files\/2015\/05\/IMG_00781-e1431427531158.jpg\"><img loading=\"lazy\" decoding=\"async\" class=\"aligncenter size-large wp-image-1052\" src=\"http:\/\/blogg.improveme.se\/marieoddsson\/files\/2015\/05\/IMG_00781-755x566.jpg\" alt=\"IMG_0078[1]\" width=\"755\" height=\"566\" \/><\/a><\/p>\n<p>Vi h\u00f6r i morgon.<\/p>\n<p>&nbsp;<\/p>\n","protected":false},"excerpt":{"rendered":"<p>Sitter nu p\u00e5 t\u00e5get p\u00e5 v\u00e4g hem fr\u00e5n v\u00e5r kick off (min kollega som jag \u00e5kte bil med dit skulle \u00e5ka vidare). Bokade f\u00f6rstaklass f\u00f6r att kunna anv\u00e4nda min dator, men det visade sig att det var den enda vagnen som internet inte fungerade i. S\u00e5 nu sitter jag utlokaliserad f\u00f6r en liten stund. N\u00e5v\u00e4l &#8230; <a title=\"P\u00e5 t\u00e5get\" class=\"read-more\" href=\"https:\/\/blogg.improveme.se\/marieoddsson\/2015\/08\/12\/pa-taget\/\" aria-label=\"L\u00e4s mer om P\u00e5 t\u00e5get\">L\u00e4s mer<\/a><\/p>\n","protected":false},"author":9656,"featured_media":0,"comment_status":"open","ping_status":"open","sticky":false,"template":"","format":"standard","meta":{"footnotes":""},"categories":[1],"tags":[3],"class_list":["post-1207","post","type-post","status-publish","format-standard","hentry","category-okategoriserad","tag-halsa"],"_links":{"self":[{"href":"https:\/\/blogg.improveme.se\/marieoddsson\/wp-json\/wp\/v2\/posts\/1207","targetHints":{"allow":["GET"]}}],"collection":[{"href":"https:\/\/blogg.improveme.se\/marieoddsson\/wp-json\/wp\/v2\/posts"}],"about":[{"href":"https:\/\/blogg.improveme.se\/marieoddsson\/wp-json\/wp\/v2\/types\/post"}],"author":[{"embeddable":true,"href":"https:\/\/blogg.improveme.se\/marieoddsson\/wp-json\/wp\/v2\/users\/9656"}],"replies":[{"embeddable":true,"href":"https:\/\/blogg.improveme.se\/marieoddsson\/wp-json\/wp\/v2\/comments?post=1207"}],"version-history":[{"count":0,"href":"https:\/\/blogg.improveme.se\/marieoddsson\/wp-json\/wp\/v2\/posts\/1207\/revisions"}],"wp:attachment":[{"href":"https:\/\/blogg.improveme.se\/marieoddsson\/wp-json\/wp\/v2\/media?parent=1207"}],"wp:term":[{"taxonomy":"category","embeddable":true,"href":"https:\/\/blogg.improveme.se\/marieoddsson\/wp-json\/wp\/v2\/categories?post=1207"},{"taxonomy":"post_tag","embeddable":true,"href":"https:\/\/blogg.improveme.se\/marieoddsson\/wp-json\/wp\/v2\/tags?post=1207"}],"curies":[{"name":"wp","href":"https:\/\/api.w.org\/{rel}","templated":true}]}}