{"id":1210,"date":"2015-08-13T20:21:13","date_gmt":"2015-08-13T18:21:13","guid":{"rendered":"http:\/\/blogg.improveme.se\/marieoddsson\/?p=1210"},"modified":"2015-08-13T20:21:13","modified_gmt":"2015-08-13T18:21:13","slug":"min-rengoring","status":"publish","type":"post","link":"https:\/\/blogg.improveme.se\/marieoddsson\/2015\/08\/13\/min-rengoring\/","title":{"rendered":"Min reng\u00f6ring"},"content":{"rendered":"<p>Blev s\u00e5 glad i dag n\u00e4r jag l\u00e4ste M\u00e5 Bra nr:9, &#8221;min&#8221; reng\u00f6ring var med i en test. Mycket bra reng\u00f6ringslotion som g\u00f6r rent ansiktet p\u00e5 nolltid utan att l\u00e4mna en kladdig hinna efter sk\u00f6ljning.Tar \u00e4ven bort \u00f6gonmakeup. Huden f\u00e5r en fin lyster och k\u00e4nns s\u00e5v\u00e4l ren som \u00e5terfuktad. Prisv\u00e4rd! 149 kr. Vilket fantastiskt bra betyg! Men jag h\u00e5ller med, den \u00e4r l\u00e4tt att tycka om och den g\u00f6r det den ska g\u00f6ra och lite till.<\/p>\n<p><a href=\"http:\/\/blogg.improveme.se\/marieoddsson\/files\/2015\/08\/IMG_06631-e1439485561543.jpg\"><img loading=\"lazy\" decoding=\"async\" class=\"aligncenter size-large wp-image-1214\" src=\"http:\/\/blogg.improveme.se\/marieoddsson\/files\/2015\/08\/IMG_06631-755x566.jpg\" alt=\"IMG_0663[1]\" width=\"755\" height=\"566\" \/><\/a><\/p>\n<p>Risken \u00e4r att den ryker n\u00e4r min dotter kommer hit i kv\u00e4ll, det gjorde den f\u00f6rra g\u00e5ngen. Faktum \u00e4r att \u00e4ven min syster provade min reng\u00f6ring fr\u00e5n Jabushe cleanser 2-in-1 nu i helgen n\u00e4r hon var h\u00e4r. Hon \u00e4r som jag skrivit tidigare atopiker och t\u00e5l n\u00e4stan ingenting. Men den h\u00e4r reng\u00f6ringen kunde hon ha. En bidragandeorsak kan vara provitamin B5, den b\u00e5de bibeh\u00e5ller hudens naturliga fuktbalans i huden och lugnar stressad hud.<\/p>\n<p>H\u00f6rs i morgon.<\/p>\n<p>&nbsp;<\/p>\n","protected":false},"excerpt":{"rendered":"<p>Blev s\u00e5 glad i dag n\u00e4r jag l\u00e4ste M\u00e5 Bra nr:9, &#8221;min&#8221; reng\u00f6ring var med i en test. Mycket bra reng\u00f6ringslotion som g\u00f6r rent ansiktet p\u00e5 nolltid utan att l\u00e4mna en kladdig hinna efter sk\u00f6ljning.Tar \u00e4ven bort \u00f6gonmakeup. Huden f\u00e5r en fin lyster och k\u00e4nns s\u00e5v\u00e4l ren som \u00e5terfuktad. Prisv\u00e4rd! 149 kr. Vilket fantastiskt bra &#8230; <a title=\"Min reng\u00f6ring\" class=\"read-more\" href=\"https:\/\/blogg.improveme.se\/marieoddsson\/2015\/08\/13\/min-rengoring\/\" aria-label=\"L\u00e4s mer om Min reng\u00f6ring\">L\u00e4s mer<\/a><\/p>\n","protected":false},"author":9656,"featured_media":0,"comment_status":"open","ping_status":"open","sticky":false,"template":"","format":"standard","meta":{"footnotes":""},"categories":[1],"tags":[3,479,14],"class_list":["post-1210","post","type-post","status-publish","format-standard","hentry","category-okategoriserad","tag-halsa","tag-hudvard","tag-jabushe"],"_links":{"self":[{"href":"https:\/\/blogg.improveme.se\/marieoddsson\/wp-json\/wp\/v2\/posts\/1210","targetHints":{"allow":["GET"]}}],"collection":[{"href":"https:\/\/blogg.improveme.se\/marieoddsson\/wp-json\/wp\/v2\/posts"}],"about":[{"href":"https:\/\/blogg.improveme.se\/marieoddsson\/wp-json\/wp\/v2\/types\/post"}],"author":[{"embeddable":true,"href":"https:\/\/blogg.improveme.se\/marieoddsson\/wp-json\/wp\/v2\/users\/9656"}],"replies":[{"embeddable":true,"href":"https:\/\/blogg.improveme.se\/marieoddsson\/wp-json\/wp\/v2\/comments?post=1210"}],"version-history":[{"count":0,"href":"https:\/\/blogg.improveme.se\/marieoddsson\/wp-json\/wp\/v2\/posts\/1210\/revisions"}],"wp:attachment":[{"href":"https:\/\/blogg.improveme.se\/marieoddsson\/wp-json\/wp\/v2\/media?parent=1210"}],"wp:term":[{"taxonomy":"category","embeddable":true,"href":"https:\/\/blogg.improveme.se\/marieoddsson\/wp-json\/wp\/v2\/categories?post=1210"},{"taxonomy":"post_tag","embeddable":true,"href":"https:\/\/blogg.improveme.se\/marieoddsson\/wp-json\/wp\/v2\/tags?post=1210"}],"curies":[{"name":"wp","href":"https:\/\/api.w.org\/{rel}","templated":true}]}}