{"id":1217,"date":"2015-08-14T12:15:54","date_gmt":"2015-08-14T10:15:54","guid":{"rendered":"http:\/\/blogg.improveme.se\/marieoddsson\/?p=1217"},"modified":"2015-08-14T12:15:54","modified_gmt":"2015-08-14T10:15:54","slug":"atopisk-eksem","status":"publish","type":"post","link":"https:\/\/blogg.improveme.se\/marieoddsson\/2015\/08\/14\/atopisk-eksem\/","title":{"rendered":"Atopisk eksem"},"content":{"rendered":"<p>Som jag n\u00e4mnt tidigare s\u00e5 har min syster atopiskt eksem och har haft sen barnsben. I Sverige \u00e4r det hela 15% av alla barn som drabbas, men man kan \u00e4ven debutera i vuxen \u00e5lder. Det \u00e4r en \u00e4rftlig ben\u00e4genhet att bilda IgE-antikroppar mot proteiner i v\u00e5r omgivning, till exempel pollen och djurdamm.<\/p>\n<p>Kort kan man s\u00e4ga att de har en f\u00f6rs\u00e4mrad barri\u00e4rfunktion. Det finns mindre av fuktighetsbevarande urea i det \u00f6versta hudlagret (ytliga epidermis). Det inneb\u00e4r att huden blir torr och k\u00e4nslig och d\u00e4rf\u00f6r s\u00e5 inflammeras huden l\u00e4ttare av slitage men \u00e4ven kemikalier i omgivningen. D\u00e5 hudbarri\u00e4ren \u00e4r f\u00f6rs\u00e4mrad s\u00e5 underl\u00e4ttar det ocks\u00e5 f\u00f6r penetration av kontaktallergen och eventuellt uppkomsten av allergiskt kontakteksem.<\/p>\n<p>Sj\u00e4lvklart leder det h\u00e4r till att det kliar, och n\u00e4r de kliar s\u00e5 blir hud barri\u00e4ren \u00e4nnu mer skadad och bakterier kan ta sig in i huden, en ond cirkel med andra ord. Men \u00e4ven fel sort textilier, min syster f\u00f6redrar vissa naturmaterial s\u00e5 som bomull och siden emedan ull inte fungerar alls. Kyla och solfattigt klimat, sj\u00e4lvklart stress (stress finns alltid med) och vissa matsorter kan ocks\u00e5 f\u00f6rs\u00e4mra tillst\u00e5ndet.<\/p>\n<p>Kortisonkr\u00e4mer har funnits med l\u00e4nge, den har inflammationsd\u00e4mpande egenskaper. Grupp I steroidbehandlingar har i stort sett inga biverkningar och \u00e4r ofta det f\u00f6rsta steget mot att hj\u00e4lpa m\u00e5nga med sitt problem. F\u00f6r min syster som inte t\u00e5l mycket av den hudv\u00e5rd som finns p\u00e5 marknaden s\u00e5 g\u00e4ller det att h\u00e5lla fast vid de produkter som fungerar f\u00f6r henne. D\u00e5 ska ni veta att hon har f\u00e5tt prova ett berg av produkter via mig genom \u00e5ren. S\u00e5 n\u00e4r nu reng\u00f6ringen fr\u00e5n Jabushe verkar funka s\u00e5 blir jag s\u00e5 glad. Man gl\u00f6mmer l\u00e4tt bort att ha en hel frisk hud inte \u00e4r en sj\u00e4lvklarhet f\u00f6r alla. \u00a0S\u00e5 i kv\u00e4ll efter duschen eller badet s\u00e5 tycker jag att du ska\u00a0ta hand om din hud lite extra i kv\u00e4ll, en peeling, med mask efter\u00e5t, massera in kroppen med n\u00e5gon h\u00e4rlig lotion\/balm\/kr\u00e4m\/olja och gl\u00f6m inte h\u00e4nderna och f\u00f6tterna.<\/p>\n<p><a href=\"http:\/\/blogg.improveme.se\/marieoddsson\/files\/2015\/08\/IMG_06441-e1439547074176.jpg\"><img loading=\"lazy\" decoding=\"async\" class=\"aligncenter size-large wp-image-1216\" src=\"http:\/\/blogg.improveme.se\/marieoddsson\/files\/2015\/08\/IMG_06441-755x566.jpg\" alt=\"IMG_0644[1]\" width=\"755\" height=\"566\" \/><\/a><\/p>\n<p>Trevlig helg!<\/p>\n","protected":false},"excerpt":{"rendered":"<p>Som jag n\u00e4mnt tidigare s\u00e5 har min syster atopiskt eksem och har haft sen barnsben. I Sverige \u00e4r det hela 15% av alla barn som drabbas, men man kan \u00e4ven debutera i vuxen \u00e5lder. Det \u00e4r en \u00e4rftlig ben\u00e4genhet att bilda IgE-antikroppar mot proteiner i v\u00e5r omgivning, till exempel pollen och djurdamm. Kort kan man &#8230; <a title=\"Atopisk eksem\" class=\"read-more\" href=\"https:\/\/blogg.improveme.se\/marieoddsson\/2015\/08\/14\/atopisk-eksem\/\" aria-label=\"L\u00e4s mer om Atopisk eksem\">L\u00e4s mer<\/a><\/p>\n","protected":false},"author":9656,"featured_media":0,"comment_status":"open","ping_status":"open","sticky":false,"template":"","format":"standard","meta":{"footnotes":""},"categories":[1],"tags":[306,3,479,14],"class_list":["post-1217","post","type-post","status-publish","format-standard","hentry","category-okategoriserad","tag-atopiskt-eksem","tag-halsa","tag-hudvard","tag-jabushe"],"_links":{"self":[{"href":"https:\/\/blogg.improveme.se\/marieoddsson\/wp-json\/wp\/v2\/posts\/1217","targetHints":{"allow":["GET"]}}],"collection":[{"href":"https:\/\/blogg.improveme.se\/marieoddsson\/wp-json\/wp\/v2\/posts"}],"about":[{"href":"https:\/\/blogg.improveme.se\/marieoddsson\/wp-json\/wp\/v2\/types\/post"}],"author":[{"embeddable":true,"href":"https:\/\/blogg.improveme.se\/marieoddsson\/wp-json\/wp\/v2\/users\/9656"}],"replies":[{"embeddable":true,"href":"https:\/\/blogg.improveme.se\/marieoddsson\/wp-json\/wp\/v2\/comments?post=1217"}],"version-history":[{"count":0,"href":"https:\/\/blogg.improveme.se\/marieoddsson\/wp-json\/wp\/v2\/posts\/1217\/revisions"}],"wp:attachment":[{"href":"https:\/\/blogg.improveme.se\/marieoddsson\/wp-json\/wp\/v2\/media?parent=1217"}],"wp:term":[{"taxonomy":"category","embeddable":true,"href":"https:\/\/blogg.improveme.se\/marieoddsson\/wp-json\/wp\/v2\/categories?post=1217"},{"taxonomy":"post_tag","embeddable":true,"href":"https:\/\/blogg.improveme.se\/marieoddsson\/wp-json\/wp\/v2\/tags?post=1217"}],"curies":[{"name":"wp","href":"https:\/\/api.w.org\/{rel}","templated":true}]}}